{"id":20185,"date":"2021-05-11T01:26:15","date_gmt":"2021-05-11T00:26:15","guid":{"rendered":"http:\/\/www.associationdemarie.org\/blog\/?p=20185"},"modified":"2021-04-21T07:28:19","modified_gmt":"2021-04-21T06:28:19","slug":"la-voix-divine-de-la-conscience","status":"publish","type":"post","link":"https:\/\/www.associationdemarie.org\/blog\/la-voix-divine-de-la-conscience\/","title":{"rendered":"La voix divine de la conscience"},"content":{"rendered":"<p><img loading=\"lazy\" decoding=\"async\" class=\"aligncenter  wp-image-20186\" src=\"https:\/\/www.associationdemarie.org\/blog\/wp-content\/uploads\/2021\/04\/NG209_conscience-divine-1.jpg\" alt=\"\" width=\"450\" height=\"270\" srcset=\"https:\/\/www.associationdemarie.org\/blog\/wp-content\/uploads\/2021\/04\/NG209_conscience-divine-1.jpg 780w, https:\/\/www.associationdemarie.org\/blog\/wp-content\/uploads\/2021\/04\/NG209_conscience-divine-1-300x180.jpg 300w, https:\/\/www.associationdemarie.org\/blog\/wp-content\/uploads\/2021\/04\/NG209_conscience-divine-1-768x460.jpg 768w\" sizes=\"auto, (max-width: 450px) 100vw, 450px\" \/><\/p>\n<p>La conscience, aux gens de bien, est un ami qui rend les plaisirs plus sensibles et les biens plus doux. Surtout elle est d\u2019un grand secours dans les adversit\u00e9s. C\u2019est pour cela que l\u2019on dit : \u00ab Qui donc aurais-je dans le ciel ? Avec toi, je suis sans d\u00e9sir sur la terre \u00bb (Ps 72(73),25). (\u2026) La conscience est un juge. Les uns refusent d\u2019ob\u00e9ir \u00e0 ce juge, les autres corrompent ce juge, les autres le font mourir.<\/p>\n<p>Comme la voix a \u00e9t\u00e9 donn\u00e9e \u00e0 l\u2019homme pour \u00eatre l\u2019interpr\u00e8te de ses sentiments et de ses d\u00e9sirs, c\u2019est aussi par la conscience que Dieu nous apprend ce qu\u2019il juge de chaque chose et ce qu\u2019il attend de chacun de nous. Cette voix divine forme diverses paroles int\u00e9rieures, pour exprimer les diverses le\u00e7ons et les divers ordres qu\u2019il pla\u00eet \u00e0 Dieu de donner \u00e0 sa cr\u00e9ature. Elle est le lien du commerce que le Seigneur veut bien avoir avec nous et l\u2019organe le plus ordinaire dont il se sert pour toucher nos c\u0153urs et nous ouvrir le sien. (\u2026)<\/p>\n<p>Rien ne fait mieux voir le d\u00e9sir ardent que Dieu a eu de conduire les hommes \u00e0 la f\u00e9licit\u00e9 souveraine que la conscience qu\u2019il leur a donn\u00e9e pour leur servir de guide. Rien de si \u00e9clair\u00e9 pour discerner le bien et le mal, rien de si fid\u00e8le \u00e0 nous le montrer, rien de si pressant pour nous porter \u00e0 embrasser l\u2019un et fuir l\u2019autre. Mais si elle est un effet de son amour, cette conscience, c\u2019en est encore un de son z\u00e8le pour la justice ; car cette m\u00eame conscience qui est si soigneuse de nous d\u00e9tourner du mal, est encore extr\u00eamement s\u00e9v\u00e8re \u00e0 nous en punir.<\/p>\n<h3 class=\"GospelCommentaryAuthor-name commentary-author font-2\">Saint Claude la Colombi\u00e8re (1641-1682)<\/h3>\n<p>&nbsp;<\/p>\n<p>&nbsp;<\/p>\n","protected":false},"excerpt":{"rendered":"<p>La conscience, aux gens de bien, est un ami qui rend les plaisirs plus sensibles et les biens plus doux. Surtout elle est d\u2019un grand secours dans les adversit\u00e9s. C\u2019est pour cela que l\u2019on dit : \u00ab Qui donc aurais-je dans le ciel ? Avec toi, je suis sans d\u00e9sir sur la terre \u00bb (Ps [&hellip;]<\/p>\n","protected":false},"author":2,"featured_media":0,"comment_status":"closed","ping_status":"closed","sticky":false,"template":"","format":"standard","meta":{"footnotes":""},"categories":[1261],"tags":[1376,1530],"class_list":["post-20185","post","type-post","status-publish","format-standard","hentry","category-enseignement-2","tag-conscience","tag-st-claude-la-colombiere"],"_links":{"self":[{"href":"https:\/\/www.associationdemarie.org\/blog\/wp-json\/wp\/v2\/posts\/20185","targetHints":{"allow":["GET"]}}],"collection":[{"href":"https:\/\/www.associationdemarie.org\/blog\/wp-json\/wp\/v2\/posts"}],"about":[{"href":"https:\/\/www.associationdemarie.org\/blog\/wp-json\/wp\/v2\/types\/post"}],"author":[{"embeddable":true,"href":"https:\/\/www.associationdemarie.org\/blog\/wp-json\/wp\/v2\/users\/2"}],"replies":[{"embeddable":true,"href":"https:\/\/www.associationdemarie.org\/blog\/wp-json\/wp\/v2\/comments?post=20185"}],"version-history":[{"count":1,"href":"https:\/\/www.associationdemarie.org\/blog\/wp-json\/wp\/v2\/posts\/20185\/revisions"}],"predecessor-version":[{"id":20187,"href":"https:\/\/www.associationdemarie.org\/blog\/wp-json\/wp\/v2\/posts\/20185\/revisions\/20187"}],"wp:attachment":[{"href":"https:\/\/www.associationdemarie.org\/blog\/wp-json\/wp\/v2\/media?parent=20185"}],"wp:term":[{"taxonomy":"category","embeddable":true,"href":"https:\/\/www.associationdemarie.org\/blog\/wp-json\/wp\/v2\/categories?post=20185"},{"taxonomy":"post_tag","embeddable":true,"href":"https:\/\/www.associationdemarie.org\/blog\/wp-json\/wp\/v2\/tags?post=20185"}],"curies":[{"name":"wp","href":"https:\/\/api.w.org\/{rel}","templated":true}]}}