{"id":20171,"date":"2021-05-10T01:39:21","date_gmt":"2021-05-10T00:39:21","guid":{"rendered":"http:\/\/www.associationdemarie.org\/blog\/?p=20171"},"modified":"2021-04-19T07:42:08","modified_gmt":"2021-04-19T06:42:08","slug":"lesprit-de-verite-rendra-temoignage-et-vous-aussi-vous-rendrez-temoignage","status":"publish","type":"post","link":"https:\/\/www.associationdemarie.org\/blog\/lesprit-de-verite-rendra-temoignage-et-vous-aussi-vous-rendrez-temoignage\/","title":{"rendered":"\u00ab L&rsquo;Esprit de V\u00e9rit\u00e9 rendra t\u00e9moignage &#8230; Et vous aussi vous rendrez t\u00e9moignage. \u00bb"},"content":{"rendered":"<p><img loading=\"lazy\" decoding=\"async\" class=\"aligncenter wp-image-20172\" src=\"https:\/\/www.associationdemarie.org\/blog\/wp-content\/uploads\/2021\/04\/jean-15-esprit-verite.jpg\" alt=\"\" width=\"520\" height=\"364\" srcset=\"https:\/\/www.associationdemarie.org\/blog\/wp-content\/uploads\/2021\/04\/jean-15-esprit-verite.jpg 900w, https:\/\/www.associationdemarie.org\/blog\/wp-content\/uploads\/2021\/04\/jean-15-esprit-verite-300x210.jpg 300w, https:\/\/www.associationdemarie.org\/blog\/wp-content\/uploads\/2021\/04\/jean-15-esprit-verite-768x538.jpg 768w\" sizes=\"auto, (max-width: 520px) 100vw, 520px\" \/><\/p>\n<p>Mes tr\u00e8s chers jeunes, le Christ ne vous appelle pas seulement \u00e0 cheminer avec lui dans ce p\u00e8lerinage de la vie. Il vous envoie \u00e0 sa place, pour \u00eatre les messagers de la v\u00e9rit\u00e9 et pour \u00eatre ses t\u00e9moins dans le monde, concr\u00e8tement, devant les autres jeunes comme vous, parce que beaucoup d&rsquo;entre eux aujourd&rsquo;hui, dans le monde entier, sont \u00e0 la recherche du Chemin, de la V\u00e9rit\u00e9, de la Vie (Jn 14,6), mais ne savent pas o\u00f9 aller. \u00ab L&rsquo;heure est venue d&rsquo;entreprendre une nouvelle \u00e9vang\u00e9lisation \u00bb (Christifideles laici, 34), et vous ne pouvez pas manquer \u00e0 cet appel urgent. En ce lieu d\u00e9di\u00e9 \u00e0 saint Jacques, le premier des ap\u00f4tres qui a donn\u00e9 le t\u00e9moignage de sa foi par le martyre, engageons-nous \u00e0 accueillir le commandement du Christ : \u00ab Vous serez mes t\u00e9moins (&#8230;) jusqu&rsquo;aux extr\u00e9mit\u00e9s de la terre \u00bb (Ac 1,8).<\/p>\n<p>Que signifie \u00eatre t\u00e9moin du Christ ? Cela signifie simplement vivre en accord avec l&rsquo;\u00c9vangile : \u00ab Tu aimeras le Seigneur ton Dieu de tout ton c\u0153ur, de toute ton \u00e2me et de tout ton esprit (&#8230;). Tu aimeras ton prochain comme toi-m\u00eame \u00bb (Mt 22,37-39). Le chr\u00e9tien est appel\u00e9 \u00e0 servir ses fr\u00e8res et la soci\u00e9t\u00e9, \u00e0 promouvoir et \u00e0 soutenir la dignit\u00e9 de chaque \u00eatre humain, \u00e0 respecter, \u00e0 d\u00e9fendre et \u00e0 favoriser les droits de la personne, \u00e0 \u00eatre l&rsquo;artisan d&rsquo;une paix durable et authentique bas\u00e9e sur la fraternit\u00e9, la libert\u00e9, la justice et la v\u00e9rit\u00e9. En d\u00e9pit des merveilleuses possibilit\u00e9s offertes \u00e0 l&rsquo;humanit\u00e9 par la technologie moderne, il existe encore beaucoup de pauvret\u00e9 et de mis\u00e8re dans le monde. Dans de nombreuses r\u00e9gions du monde, les personnes vivent sous la menace de la violence, du terrorisme et m\u00eame de la guerre (&#8230;).<\/p>\n<p>C&rsquo;est une n\u00e9cessit\u00e9 urgente de pouvoir compter sur les envoy\u00e9s du Christ, sur les messagers chr\u00e9tiens. Et vous, jeunes, vous tous, gar\u00e7ons et filles, vous serez \u00e0 l&rsquo;avenir ces envoy\u00e9s et ces messagers.<\/p>\n<h3 class=\"GospelCommentaryAuthor-name commentary-author font-2\">Saint Jean-Paul II (1920-2005)<\/h3>\n<p>&nbsp;<\/p>\n<p>&nbsp;<\/p>\n","protected":false},"excerpt":{"rendered":"<p>Mes tr\u00e8s chers jeunes, le Christ ne vous appelle pas seulement \u00e0 cheminer avec lui dans ce p\u00e8lerinage de la vie. Il vous envoie \u00e0 sa place, pour \u00eatre les messagers de la v\u00e9rit\u00e9 et pour \u00eatre ses t\u00e9moins dans le monde, concr\u00e8tement, devant les autres jeunes comme vous, parce que beaucoup d&rsquo;entre eux aujourd&rsquo;hui, [&hellip;]<\/p>\n","protected":false},"author":2,"featured_media":0,"comment_status":"closed","ping_status":"closed","sticky":false,"template":"","format":"standard","meta":{"footnotes":""},"categories":[13,1261],"tags":[378,387,1040,1253],"class_list":["post-20171","post","type-post","status-publish","format-standard","hentry","category-ecritures","category-enseignement-2","tag-esprit-saint","tag-evangelisation","tag-st-jacques","tag-st-jean-paul-2"],"_links":{"self":[{"href":"https:\/\/www.associationdemarie.org\/blog\/wp-json\/wp\/v2\/posts\/20171","targetHints":{"allow":["GET"]}}],"collection":[{"href":"https:\/\/www.associationdemarie.org\/blog\/wp-json\/wp\/v2\/posts"}],"about":[{"href":"https:\/\/www.associationdemarie.org\/blog\/wp-json\/wp\/v2\/types\/post"}],"author":[{"embeddable":true,"href":"https:\/\/www.associationdemarie.org\/blog\/wp-json\/wp\/v2\/users\/2"}],"replies":[{"embeddable":true,"href":"https:\/\/www.associationdemarie.org\/blog\/wp-json\/wp\/v2\/comments?post=20171"}],"version-history":[{"count":3,"href":"https:\/\/www.associationdemarie.org\/blog\/wp-json\/wp\/v2\/posts\/20171\/revisions"}],"predecessor-version":[{"id":20175,"href":"https:\/\/www.associationdemarie.org\/blog\/wp-json\/wp\/v2\/posts\/20171\/revisions\/20175"}],"wp:attachment":[{"href":"https:\/\/www.associationdemarie.org\/blog\/wp-json\/wp\/v2\/media?parent=20171"}],"wp:term":[{"taxonomy":"category","embeddable":true,"href":"https:\/\/www.associationdemarie.org\/blog\/wp-json\/wp\/v2\/categories?post=20171"},{"taxonomy":"post_tag","embeddable":true,"href":"https:\/\/www.associationdemarie.org\/blog\/wp-json\/wp\/v2\/tags?post=20171"}],"curies":[{"name":"wp","href":"https:\/\/api.w.org\/{rel}","templated":true}]}}