{"id":20168,"date":"2021-05-09T01:56:34","date_gmt":"2021-05-09T00:56:34","guid":{"rendered":"http:\/\/www.associationdemarie.org\/blog\/?p=20168"},"modified":"2021-04-18T07:58:33","modified_gmt":"2021-04-18T06:58:33","slug":"la-charite-du-chretien","status":"publish","type":"post","link":"https:\/\/www.associationdemarie.org\/blog\/la-charite-du-chretien\/","title":{"rendered":"La charit\u00e9 du chr\u00e9tien"},"content":{"rendered":"<p><img loading=\"lazy\" decoding=\"async\" class=\"aligncenter size-full wp-image-20169\" src=\"https:\/\/www.associationdemarie.org\/blog\/wp-content\/uploads\/2021\/04\/image_preview.jpeg\" alt=\"\" width=\"373\" height=\"400\" srcset=\"https:\/\/www.associationdemarie.org\/blog\/wp-content\/uploads\/2021\/04\/image_preview.jpeg 373w, https:\/\/www.associationdemarie.org\/blog\/wp-content\/uploads\/2021\/04\/image_preview-280x300.jpeg 280w\" sizes=\"auto, (max-width: 373px) 100vw, 373px\" \/><\/p>\n<p>Tu es chr\u00e9tien par et pour la charit\u00e9 ;<br \/>\npar rien d\u2019autre et pour rien d\u2019autre. (\u2026)<\/p>\n<p>La charit\u00e9 est plus que le n\u00e9cessaire pour exister,<br \/>\nplus que le n\u00e9cessaire pour vivre,<br \/>\nplus que le n\u00e9cessaire pour agir ;<br \/>\nLa charit\u00e9 est notre vie devenant vie \u00e9ternelle.<br \/>\nQuand nous laissons la charit\u00e9, nous laissons notre vie.<br \/>\nUn acte sans charit\u00e9 est une mort subite,<br \/>\nun acte de la charit\u00e9 est une r\u00e9surrection imm\u00e9diate.<\/p>\n<p>Tu ne peux fabriquer la charit\u00e9 : tu la re\u00e7ois.<br \/>\nLa charit\u00e9 imparfaite est un don incompl\u00e8tement re\u00e7u ;<br \/>\nla charit\u00e9 parfaite est un don compl\u00e8tement re\u00e7u.<br \/>\nLa charit\u00e9 est gratuite tout autant qu\u2019elle est n\u00e9cessaire.<br \/>\nTu ne la gagnes pas comme un concours.<br \/>\nTu la gagnes en la d\u00e9sirant, en la demandant, en la recevant<br \/>\net en la transmettant.<\/p>\n<p>On n\u2019apprend pas la charit\u00e9, on fait peu \u00e0 peu sa connaissance,<br \/>\nen faisant la connaissance du Christ.<br \/>\nC\u2019est la foi du Christ qui nous rend capables de charit\u00e9 ;<br \/>\nc\u2019est la vie du Christ qui nous r\u00e9v\u00e8le la charit\u00e9 ;<br \/>\nc\u2019est la vie du Christ qui nous montre comment d\u00e9sirer,<br \/>\ndemander, recevoir la charit\u00e9.<br \/>\nC\u2019est l\u2019esprit du Christ qui nous rend vivants de charit\u00e9,<br \/>\nagissants par la charit\u00e9,<br \/>\nf\u00e9conds de charit\u00e9.<\/p>\n<p>Tout peut servir \u00e0 la charit\u00e9,<br \/>\nSans elle tout est st\u00e9rile et d\u2019abord nous-m\u00eames.<\/p>\n<h3 class=\"GospelCommentaryAuthor-name commentary-author font-2\">V\u00e9n\u00e9rable Madeleine Delbr\u00eal (1904-1964)<\/h3>\n<p>&nbsp;<\/p>\n<p>&nbsp;<\/p>\n","protected":false},"excerpt":{"rendered":"<p>Tu es chr\u00e9tien par et pour la charit\u00e9 ; par rien d\u2019autre et pour rien d\u2019autre. (\u2026) La charit\u00e9 est plus que le n\u00e9cessaire pour exister, plus que le n\u00e9cessaire pour vivre, plus que le n\u00e9cessaire pour agir ; La charit\u00e9 est notre vie devenant vie \u00e9ternelle. Quand nous laissons la charit\u00e9, nous laissons notre [&hellip;]<\/p>\n","protected":false},"author":2,"featured_media":0,"comment_status":"closed","ping_status":"closed","sticky":false,"template":"","format":"standard","meta":{"footnotes":""},"categories":[26,28],"tags":[203,830,1554],"class_list":["post-20168","post","type-post","status-publish","format-standard","hentry","category-priere-des-ames","category-saints-et-saintes","tag-charite","tag-priere","tag-venerable-madeleine-delbrel"],"_links":{"self":[{"href":"https:\/\/www.associationdemarie.org\/blog\/wp-json\/wp\/v2\/posts\/20168","targetHints":{"allow":["GET"]}}],"collection":[{"href":"https:\/\/www.associationdemarie.org\/blog\/wp-json\/wp\/v2\/posts"}],"about":[{"href":"https:\/\/www.associationdemarie.org\/blog\/wp-json\/wp\/v2\/types\/post"}],"author":[{"embeddable":true,"href":"https:\/\/www.associationdemarie.org\/blog\/wp-json\/wp\/v2\/users\/2"}],"replies":[{"embeddable":true,"href":"https:\/\/www.associationdemarie.org\/blog\/wp-json\/wp\/v2\/comments?post=20168"}],"version-history":[{"count":1,"href":"https:\/\/www.associationdemarie.org\/blog\/wp-json\/wp\/v2\/posts\/20168\/revisions"}],"predecessor-version":[{"id":20170,"href":"https:\/\/www.associationdemarie.org\/blog\/wp-json\/wp\/v2\/posts\/20168\/revisions\/20170"}],"wp:attachment":[{"href":"https:\/\/www.associationdemarie.org\/blog\/wp-json\/wp\/v2\/media?parent=20168"}],"wp:term":[{"taxonomy":"category","embeddable":true,"href":"https:\/\/www.associationdemarie.org\/blog\/wp-json\/wp\/v2\/categories?post=20168"},{"taxonomy":"post_tag","embeddable":true,"href":"https:\/\/www.associationdemarie.org\/blog\/wp-json\/wp\/v2\/tags?post=20168"}],"curies":[{"name":"wp","href":"https:\/\/api.w.org\/{rel}","templated":true}]}}