{"id":20157,"date":"2021-04-16T07:19:51","date_gmt":"2021-04-16T06:19:51","guid":{"rendered":"http:\/\/www.associationdemarie.org\/blog\/?p=20157"},"modified":"2021-04-16T07:19:51","modified_gmt":"2021-04-16T06:19:51","slug":"union-de-priere-11","status":"publish","type":"post","link":"https:\/\/www.associationdemarie.org\/blog\/union-de-priere-11\/","title":{"rendered":"Union de pri\u00e8re"},"content":{"rendered":"<p><img loading=\"lazy\" decoding=\"async\" class=\"aligncenter  wp-image-20158\" src=\"https:\/\/www.associationdemarie.org\/blog\/wp-content\/uploads\/2021\/04\/MMDH0400.png\" alt=\"\" width=\"460\" height=\"268\" srcset=\"https:\/\/www.associationdemarie.org\/blog\/wp-content\/uploads\/2021\/04\/MMDH0400.png 1740w, https:\/\/www.associationdemarie.org\/blog\/wp-content\/uploads\/2021\/04\/MMDH0400-300x175.png 300w, https:\/\/www.associationdemarie.org\/blog\/wp-content\/uploads\/2021\/04\/MMDH0400-768x448.png 768w, https:\/\/www.associationdemarie.org\/blog\/wp-content\/uploads\/2021\/04\/MMDH0400-1024x597.png 1024w\" sizes=\"auto, (max-width: 460px) 100vw, 460px\" \/><\/p>\n<p>En union de pri\u00e8re, tous les soirs \u00e0 18h35 pour les Stes \u00e2mes du Purgatoire, tous les jours pour les neuvaines d&rsquo;Ardouane, le chapelet et tous les vendredis soir, de 21h30 \u00e0 22h00, \u00e0 la demande de Marie M\u00e8re des hommes, aux intentions de ce monde, du Pape, \u00e0 l&rsquo;ouverture de la Maison de Marie, aux victimes du fanatisme et pour tous ceux partis trop t\u00f4t du covid-19 ou malades.<\/p>\n<p>&nbsp;<\/p>\n<p>&nbsp;<\/p>\n<p>&nbsp;<\/p>\n","protected":false},"excerpt":{"rendered":"<p>En union de pri\u00e8re, tous les soirs \u00e0 18h35 pour les Stes \u00e2mes du Purgatoire, tous les jours pour les neuvaines d&rsquo;Ardouane, le chapelet et tous les vendredis soir, de 21h30 \u00e0 22h00, \u00e0 la demande de Marie M\u00e8re des hommes, aux intentions de ce monde, du Pape, \u00e0 l&rsquo;ouverture de la Maison de Marie, [&hellip;]<\/p>\n","protected":false},"author":2,"featured_media":0,"comment_status":"closed","ping_status":"closed","sticky":false,"template":"","format":"standard","meta":{"footnotes":""},"categories":[14,17,19],"tags":[230,297,640,830,1167],"class_list":["post-20157","post","type-post","status-publish","format-standard","hentry","category-groupe-prieres","category-maison-de-marie-dardouane","category-messages","tag-citation","tag-dieu-le-pere","tag-marie-mere-des-hommes","tag-priere","tag-union-de-prieres"],"_links":{"self":[{"href":"https:\/\/www.associationdemarie.org\/blog\/wp-json\/wp\/v2\/posts\/20157","targetHints":{"allow":["GET"]}}],"collection":[{"href":"https:\/\/www.associationdemarie.org\/blog\/wp-json\/wp\/v2\/posts"}],"about":[{"href":"https:\/\/www.associationdemarie.org\/blog\/wp-json\/wp\/v2\/types\/post"}],"author":[{"embeddable":true,"href":"https:\/\/www.associationdemarie.org\/blog\/wp-json\/wp\/v2\/users\/2"}],"replies":[{"embeddable":true,"href":"https:\/\/www.associationdemarie.org\/blog\/wp-json\/wp\/v2\/comments?post=20157"}],"version-history":[{"count":2,"href":"https:\/\/www.associationdemarie.org\/blog\/wp-json\/wp\/v2\/posts\/20157\/revisions"}],"predecessor-version":[{"id":20160,"href":"https:\/\/www.associationdemarie.org\/blog\/wp-json\/wp\/v2\/posts\/20157\/revisions\/20160"}],"wp:attachment":[{"href":"https:\/\/www.associationdemarie.org\/blog\/wp-json\/wp\/v2\/media?parent=20157"}],"wp:term":[{"taxonomy":"category","embeddable":true,"href":"https:\/\/www.associationdemarie.org\/blog\/wp-json\/wp\/v2\/categories?post=20157"},{"taxonomy":"post_tag","embeddable":true,"href":"https:\/\/www.associationdemarie.org\/blog\/wp-json\/wp\/v2\/tags?post=20157"}],"curies":[{"name":"wp","href":"https:\/\/api.w.org\/{rel}","templated":true}]}}