{"id":20132,"date":"2021-05-03T01:39:17","date_gmt":"2021-05-03T00:39:17","guid":{"rendered":"http:\/\/www.associationdemarie.org\/blog\/?p=20132"},"modified":"2021-04-12T07:41:41","modified_gmt":"2021-04-12T06:41:41","slug":"je-vous-donnerai-des-pasteurs-jr-315","status":"publish","type":"post","link":"https:\/\/www.associationdemarie.org\/blog\/je-vous-donnerai-des-pasteurs-jr-315\/","title":{"rendered":"\u00ab Je vous donnerai des pasteurs. \u00bb (Jr 3,15)"},"content":{"rendered":"<p><img loading=\"lazy\" decoding=\"async\" class=\"aligncenter wp-image-20133\" src=\"https:\/\/www.associationdemarie.org\/blog\/wp-content\/uploads\/2021\/04\/cathopic_150964872473618-e1585657849258.jpg\" alt=\"\" width=\"463\" height=\"308\" srcset=\"https:\/\/www.associationdemarie.org\/blog\/wp-content\/uploads\/2021\/04\/cathopic_150964872473618-e1585657849258.jpg 1200w, https:\/\/www.associationdemarie.org\/blog\/wp-content\/uploads\/2021\/04\/cathopic_150964872473618-e1585657849258-300x200.jpg 300w, https:\/\/www.associationdemarie.org\/blog\/wp-content\/uploads\/2021\/04\/cathopic_150964872473618-e1585657849258-768x512.jpg 768w, https:\/\/www.associationdemarie.org\/blog\/wp-content\/uploads\/2021\/04\/cathopic_150964872473618-e1585657849258-1024x683.jpg 1024w\" sizes=\"auto, (max-width: 463px) 100vw, 463px\" \/><\/p>\n<p>Les ap\u00f4tres, fid\u00e8les \u00e0 la m\u00e9moire de J\u00e9sus, se r\u00e9jouissaient avec les nouveaux croyants parce qu&rsquo;ils avaient trouv\u00e9 en lui, non seulement le Pasteur de leur \u00e2me, mais plus encore le Chef des pasteurs. Lorsque l&rsquo;heure fut venue de retourner au P\u00e8re, en quittant ce monde, J\u00e9sus voulut choisir et appeler d&rsquo;autres \u00ab pasteurs selon son c\u0153ur \u00bb (Jr 3,15). Il l&rsquo;a fait par libre choix, afin qu&rsquo;ils continuent sa propre mission, dans le monde entier, jusqu&rsquo;\u00e0 la fin des temps. Ils seront ses envoy\u00e9s, ses messagers, ses ap\u00f4tres. Ils ne seront pasteurs qu&rsquo;en son nom, pour le bien du troupeau et dans la force de son Esprit, auquel ils devront rester fid\u00e8les.<\/p>\n<p>Le premier de tous, Pierre, apr\u00e8s la triple profession d&rsquo;amour envers J\u00e9sus, est nomm\u00e9 pasteur de ses brebis et de ses agneaux (Jn 21,15). Puis tous les ap\u00f4tres. Et apr\u00e8s eux, d&rsquo;autres encore, et tous dans le m\u00eame Esprit. Et tous, dans tous les temps, devront guider le troupeau du Seigneur qui leur a \u00e9t\u00e9 confi\u00e9, non comme des dominateurs, mais comme les mod\u00e8les du troupeau (1P 5,3), avec un total d\u00e9sint\u00e9ressement et tout l&rsquo;\u00e9lan de leur c\u0153ur. Ainsi seulement, ils pourront recevoir un jour la r\u00e9compense m\u00e9rit\u00e9e, quand repara\u00eetra le Chef des pasteurs.<\/p>\n<h3 class=\"GospelCommentaryAuthor-name commentary-author font-2\">Saint Paul VI<\/h3>\n<p>&nbsp;<\/p>\n<p>&nbsp;<\/p>\n<p>&nbsp;<\/p>\n","protected":false},"excerpt":{"rendered":"<p>Les ap\u00f4tres, fid\u00e8les \u00e0 la m\u00e9moire de J\u00e9sus, se r\u00e9jouissaient avec les nouveaux croyants parce qu&rsquo;ils avaient trouv\u00e9 en lui, non seulement le Pasteur de leur \u00e2me, mais plus encore le Chef des pasteurs. Lorsque l&rsquo;heure fut venue de retourner au P\u00e8re, en quittant ce monde, J\u00e9sus voulut choisir et appeler d&rsquo;autres \u00ab pasteurs selon [&hellip;]<\/p>\n","protected":false},"author":2,"featured_media":0,"comment_status":"closed","ping_status":"closed","sticky":false,"template":"","format":"standard","meta":{"footnotes":""},"categories":[1261],"tags":[83,779,1542],"class_list":["post-20132","post","type-post","status-publish","format-standard","hentry","category-enseignement-2","tag-apotre","tag-pasteur","tag-st-paul-6"],"_links":{"self":[{"href":"https:\/\/www.associationdemarie.org\/blog\/wp-json\/wp\/v2\/posts\/20132","targetHints":{"allow":["GET"]}}],"collection":[{"href":"https:\/\/www.associationdemarie.org\/blog\/wp-json\/wp\/v2\/posts"}],"about":[{"href":"https:\/\/www.associationdemarie.org\/blog\/wp-json\/wp\/v2\/types\/post"}],"author":[{"embeddable":true,"href":"https:\/\/www.associationdemarie.org\/blog\/wp-json\/wp\/v2\/users\/2"}],"replies":[{"embeddable":true,"href":"https:\/\/www.associationdemarie.org\/blog\/wp-json\/wp\/v2\/comments?post=20132"}],"version-history":[{"count":4,"href":"https:\/\/www.associationdemarie.org\/blog\/wp-json\/wp\/v2\/posts\/20132\/revisions"}],"predecessor-version":[{"id":20137,"href":"https:\/\/www.associationdemarie.org\/blog\/wp-json\/wp\/v2\/posts\/20132\/revisions\/20137"}],"wp:attachment":[{"href":"https:\/\/www.associationdemarie.org\/blog\/wp-json\/wp\/v2\/media?parent=20132"}],"wp:term":[{"taxonomy":"category","embeddable":true,"href":"https:\/\/www.associationdemarie.org\/blog\/wp-json\/wp\/v2\/categories?post=20132"},{"taxonomy":"post_tag","embeddable":true,"href":"https:\/\/www.associationdemarie.org\/blog\/wp-json\/wp\/v2\/tags?post=20132"}],"curies":[{"name":"wp","href":"https:\/\/api.w.org\/{rel}","templated":true}]}}