{"id":20116,"date":"2021-04-30T01:31:14","date_gmt":"2021-04-30T00:31:14","guid":{"rendered":"http:\/\/www.associationdemarie.org\/blog\/?p=20116"},"modified":"2021-04-09T07:32:51","modified_gmt":"2021-04-09T06:32:51","slug":"marcher-dans-le-chemin-de-la-verite-et-de-la-vie","status":"publish","type":"post","link":"https:\/\/www.associationdemarie.org\/blog\/marcher-dans-le-chemin-de-la-verite-et-de-la-vie\/","title":{"rendered":"Marcher dans le chemin de la v\u00e9rit\u00e9 et de la vie"},"content":{"rendered":"<p><img loading=\"lazy\" decoding=\"async\" class=\"aligncenter  wp-image-20117\" src=\"https:\/\/www.associationdemarie.org\/blog\/wp-content\/uploads\/2021\/04\/Empreintes-de-pas-Photo-Pixabay-CC0-.jpg\" alt=\"\" width=\"455\" height=\"303\" srcset=\"https:\/\/www.associationdemarie.org\/blog\/wp-content\/uploads\/2021\/04\/Empreintes-de-pas-Photo-Pixabay-CC0-.jpg 960w, https:\/\/www.associationdemarie.org\/blog\/wp-content\/uploads\/2021\/04\/Empreintes-de-pas-Photo-Pixabay-CC0--300x200.jpg 300w, https:\/\/www.associationdemarie.org\/blog\/wp-content\/uploads\/2021\/04\/Empreintes-de-pas-Photo-Pixabay-CC0--768x512.jpg 768w\" sizes=\"auto, (max-width: 455px) 100vw, 455px\" \/><\/p>\n<p>[Sainte Catherine a entendu Dieu lui dire :] \u00ab Je suis la Voie, la V\u00e9rit\u00e9 et la Vie ; qui passe par moi ne chemine pas dans les t\u00e9n\u00e8bres mais \u00e0 la lumi\u00e8re \u00bb (Jn 14,6 ; 8,12). Et dans un autre endroit, ma V\u00e9rit\u00e9 dit encore que nul ne peut venir \u00e0 Moi sinon par Lui. Et il en est vraiment ainsi.<\/p>\n<p>S&rsquo;il t&rsquo;en souvient bien, c&rsquo;est cela m\u00eame que je t&rsquo;ai dit et expos\u00e9 quand j&rsquo;ai voulu t&rsquo;indiquer la voie. Donc s&rsquo;il dit qu&rsquo;il est la Voie, c&rsquo;est la v\u00e9rit\u00e9 m\u00eame, et je t&rsquo;ai montr\u00e9 que cette voie est en forme de pont. Il a dit aussi qu&rsquo;il est la V\u00e9rit\u00e9 : quoi de plus r\u00e9el, puisqu&rsquo;il ne fait qu&rsquo;un avec Moi qui suis la V\u00e9rit\u00e9 ? Qui le suit, marche donc dans le chemin de la v\u00e9rit\u00e9 et de la vie. Qui suit cette V\u00e9rit\u00e9 re\u00e7oit la vie de la gr\u00e2ce et ne peut p\u00e9rir de faim : car la V\u00e9rit\u00e9 devient sa nourriture. Il ne peut non plus tomber dans les t\u00e9n\u00e8bres, parce qu&rsquo;il est la lumi\u00e8re, pure de tout mensonge. Bien plus, c&rsquo;est lui qui par la v\u00e9rit\u00e9 a confondu et d\u00e9truit le mensonge par lequel le d\u00e9mon s\u00e9duisit \u00c8ve. C&rsquo;est par ce mensonge que la voie du ciel avait \u00e9t\u00e9 coup\u00e9e ; mais cette voie, la V\u00e9rit\u00e9 l&rsquo;a r\u00e9tablie et ciment\u00e9e par le Sang.<\/p>\n<p>Ceux qui marchent en cette voie, sont donc les fils de la V\u00e9rit\u00e9, car ils suivent la V\u00e9rit\u00e9, ils passent par la porte de la V\u00e9rit\u00e9, et ils se trouvent enfin unis en moi avec celui qui est la voie et qui est la porte, mon Fils, V\u00e9rit\u00e9 \u00e9ternelle, Oc\u00e9an de Paix.<\/p>\n<h3 class=\"GospelCommentaryAuthor-name commentary-author font-2\">Sainte Catherine de Sienne (1347-1380)<\/h3>\n<p>&nbsp;<\/p>\n<p>&nbsp;<\/p>\n","protected":false},"excerpt":{"rendered":"<p>[Sainte Catherine a entendu Dieu lui dire :] \u00ab Je suis la Voie, la V\u00e9rit\u00e9 et la Vie ; qui passe par moi ne chemine pas dans les t\u00e9n\u00e8bres mais \u00e0 la lumi\u00e8re \u00bb (Jn 14,6 ; 8,12). Et dans un autre endroit, ma V\u00e9rit\u00e9 dit encore que nul ne peut venir \u00e0 Moi sinon [&hellip;]<\/p>\n","protected":false},"author":2,"featured_media":0,"comment_status":"closed","ping_status":"closed","sticky":false,"template":"","format":"standard","meta":{"footnotes":""},"categories":[13,1261],"tags":[212,933],"class_list":["post-20116","post","type-post","status-publish","format-standard","hentry","category-ecritures","category-enseignement-2","tag-chemin-de-verite","tag-sainte-catherine-de-sienne"],"_links":{"self":[{"href":"https:\/\/www.associationdemarie.org\/blog\/wp-json\/wp\/v2\/posts\/20116","targetHints":{"allow":["GET"]}}],"collection":[{"href":"https:\/\/www.associationdemarie.org\/blog\/wp-json\/wp\/v2\/posts"}],"about":[{"href":"https:\/\/www.associationdemarie.org\/blog\/wp-json\/wp\/v2\/types\/post"}],"author":[{"embeddable":true,"href":"https:\/\/www.associationdemarie.org\/blog\/wp-json\/wp\/v2\/users\/2"}],"replies":[{"embeddable":true,"href":"https:\/\/www.associationdemarie.org\/blog\/wp-json\/wp\/v2\/comments?post=20116"}],"version-history":[{"count":2,"href":"https:\/\/www.associationdemarie.org\/blog\/wp-json\/wp\/v2\/posts\/20116\/revisions"}],"predecessor-version":[{"id":20119,"href":"https:\/\/www.associationdemarie.org\/blog\/wp-json\/wp\/v2\/posts\/20116\/revisions\/20119"}],"wp:attachment":[{"href":"https:\/\/www.associationdemarie.org\/blog\/wp-json\/wp\/v2\/media?parent=20116"}],"wp:term":[{"taxonomy":"category","embeddable":true,"href":"https:\/\/www.associationdemarie.org\/blog\/wp-json\/wp\/v2\/categories?post=20116"},{"taxonomy":"post_tag","embeddable":true,"href":"https:\/\/www.associationdemarie.org\/blog\/wp-json\/wp\/v2\/tags?post=20116"}],"curies":[{"name":"wp","href":"https:\/\/api.w.org\/{rel}","templated":true}]}}