{"id":20094,"date":"2021-04-27T01:53:08","date_gmt":"2021-04-27T00:53:08","guid":{"rendered":"http:\/\/www.associationdemarie.org\/blog\/?p=20094"},"modified":"2021-04-06T07:55:06","modified_gmt":"2021-04-06T06:55:06","slug":"le-pere-et-moi-nous-sommes-un-4","status":"publish","type":"post","link":"https:\/\/www.associationdemarie.org\/blog\/le-pere-et-moi-nous-sommes-un-4\/","title":{"rendered":"\u00ab Le P\u00e8re et moi, nous sommes UN. \u00bb"},"content":{"rendered":"<p><img loading=\"lazy\" decoding=\"async\" class=\"aligncenter  wp-image-20095\" src=\"https:\/\/www.associationdemarie.org\/blog\/wp-content\/uploads\/2021\/04\/dieu-a-ecc81tecc81-manifestecc81-en-chair.jpg\" alt=\"\" width=\"459\" height=\"258\" srcset=\"https:\/\/www.associationdemarie.org\/blog\/wp-content\/uploads\/2021\/04\/dieu-a-ecc81tecc81-manifestecc81-en-chair.jpg 640w, https:\/\/www.associationdemarie.org\/blog\/wp-content\/uploads\/2021\/04\/dieu-a-ecc81tecc81-manifestecc81-en-chair-300x169.jpg 300w\" sizes=\"auto, (max-width: 459px) 100vw, 459px\" \/><\/p>\n<p>Envoy\u00e9 et sorti du P\u00e8re, le Verbe est descendu<br \/>\net il a habit\u00e9 tout entier dans les entrailles de la Vierge.<br \/>\nTout entier il \u00e9tait dans le P\u00e8re,<br \/>\net tout entier il \u00e9tait dans ce sein virginal,<br \/>\net tout entier dans le tout, lui que rien ne peut contenir. (&#8230;)<br \/>\nDemeurant inchang\u00e9, il a pris la forme d&rsquo;esclave (Ph 2,7)<br \/>\net apr\u00e8s avoir \u00e9t\u00e9 mis au monde, il est devenu un homme en tout. (&#8230;)<br \/>\nComment affirmer ce qui est impossible \u00e0 expliquer<br \/>\n\u00e0 tous les anges, aux archanges et \u00e0 tout \u00eatre cr\u00e9\u00e9 ?<br \/>\nOn le pense d&rsquo;une mani\u00e8re v\u00e9ritable,<br \/>\nmais on ne peut pas du tout l&rsquo;exprimer,<br \/>\net notre esprit ne peut pas le comprendre vraiment parfaitement.<\/p>\n<p>Comment donc Dieu et homme, et homme-Dieu<br \/>\nest-il aussi le Fils du P\u00e8re, tout entier,<br \/>\nd&rsquo;une mani\u00e8re qui ne l&rsquo;en s\u00e9pare pas ;<br \/>\ncomment est-il devenu fils de la Vierge et est-il sorti dans le monde ;<br \/>\net comment est-il rest\u00e9 impossible \u00e0 contenir pour tous ? (&#8230;)<br \/>\nTu resteras silencieux maintenant<br \/>\ncar m\u00eame si tu voulais parler, ton esprit ne trouvera pas de parole,<br \/>\net ta langue bavarde demeure r\u00e9duite au silence. (&#8230;)<\/p>\n<p>Gloire \u00e0 toi, P\u00e8re et Fils et Esprit Saint,<br \/>\ndivinit\u00e9 que l&rsquo;on ne peut pas saisir, indivisible dans sa nature.<br \/>\nNous t&rsquo;adorons dans l&rsquo;Esprit Saint,<br \/>\nnous qui poss\u00e9dons ton Esprit, car nous l&rsquo;avons re\u00e7u de toi.<br \/>\nEt, voyant ta gloire, nous ne recherchons pas indiscr\u00e8tement,<br \/>\nmais c&rsquo;est en lui, ton Esprit, que nous te voyons,<br \/>\nP\u00e8re inengendr\u00e9, et ton Verbe engendr\u00e9 qui sort de toi.<br \/>\nEt nous adorons la Trinit\u00e9 indivisible et sans m\u00e9lange<br \/>\ndans son unique divinit\u00e9 et souverainet\u00e9 et puissance.<\/p>\n<h3 class=\"GospelCommentaryAuthor-name commentary-author font-2\">Sym\u00e9on le Nouveau Th\u00e9ologien (v. 949-1022)<\/h3>\n<p>&nbsp;<\/p>\n<p>&nbsp;<\/p>\n","protected":false},"excerpt":{"rendered":"<p>Envoy\u00e9 et sorti du P\u00e8re, le Verbe est descendu et il a habit\u00e9 tout entier dans les entrailles de la Vierge. Tout entier il \u00e9tait dans le P\u00e8re, et tout entier il \u00e9tait dans ce sein virginal, et tout entier dans le tout, lui que rien ne peut contenir. (&#8230;) Demeurant inchang\u00e9, il a pris [&hellip;]<\/p>\n","protected":false},"author":2,"featured_media":0,"comment_status":"closed","ping_status":"closed","sticky":false,"template":"","format":"standard","meta":{"footnotes":""},"categories":[26],"tags":[1110,1523],"class_list":["post-20094","post","type-post","status-publish","format-standard","hentry","category-priere-des-ames","tag-ste-trinite","tag-symeon-le-nouveau-theologien"],"_links":{"self":[{"href":"https:\/\/www.associationdemarie.org\/blog\/wp-json\/wp\/v2\/posts\/20094","targetHints":{"allow":["GET"]}}],"collection":[{"href":"https:\/\/www.associationdemarie.org\/blog\/wp-json\/wp\/v2\/posts"}],"about":[{"href":"https:\/\/www.associationdemarie.org\/blog\/wp-json\/wp\/v2\/types\/post"}],"author":[{"embeddable":true,"href":"https:\/\/www.associationdemarie.org\/blog\/wp-json\/wp\/v2\/users\/2"}],"replies":[{"embeddable":true,"href":"https:\/\/www.associationdemarie.org\/blog\/wp-json\/wp\/v2\/comments?post=20094"}],"version-history":[{"count":2,"href":"https:\/\/www.associationdemarie.org\/blog\/wp-json\/wp\/v2\/posts\/20094\/revisions"}],"predecessor-version":[{"id":20097,"href":"https:\/\/www.associationdemarie.org\/blog\/wp-json\/wp\/v2\/posts\/20094\/revisions\/20097"}],"wp:attachment":[{"href":"https:\/\/www.associationdemarie.org\/blog\/wp-json\/wp\/v2\/media?parent=20094"}],"wp:term":[{"taxonomy":"category","embeddable":true,"href":"https:\/\/www.associationdemarie.org\/blog\/wp-json\/wp\/v2\/categories?post=20094"},{"taxonomy":"post_tag","embeddable":true,"href":"https:\/\/www.associationdemarie.org\/blog\/wp-json\/wp\/v2\/tags?post=20094"}],"curies":[{"name":"wp","href":"https:\/\/api.w.org\/{rel}","templated":true}]}}