{"id":20080,"date":"2021-04-24T02:39:07","date_gmt":"2021-04-24T01:39:07","guid":{"rendered":"http:\/\/www.associationdemarie.org\/blog\/?p=20080"},"modified":"2021-04-02T20:41:33","modified_gmt":"2021-04-02T19:41:33","slug":"mes-paroles-sont-esprit-et-vie","status":"publish","type":"post","link":"https:\/\/www.associationdemarie.org\/blog\/mes-paroles-sont-esprit-et-vie\/","title":{"rendered":"\u00ab Mes paroles sont esprit et vie. \u00bb"},"content":{"rendered":"<p><img loading=\"lazy\" decoding=\"async\" class=\"aligncenter  wp-image-20081\" src=\"https:\/\/www.associationdemarie.org\/blog\/wp-content\/uploads\/2021\/04\/SermonFraAngelico-288x300.jpg\" alt=\"\" width=\"373\" height=\"389\" \/><\/p>\n<p>\u00ab Prenez et mangez, dit J\u00e9sus, ceci est mon corps qui est rompu pour vous \u00bb (cf 1Co 11,24). Pourquoi les disciples n&rsquo;ont-ils pas \u00e9t\u00e9 troubl\u00e9s en entendant ces mots ? C&rsquo;est parce que le Christ leur avait d\u00e9j\u00e0 dit beaucoup de grandes choses \u00e0 ce sujet (Jn 6). (&#8230;) Faisons pleinement confiance \u00e0 Dieu, nous aussi. Ne lui faisons pas d&rsquo;objections, m\u00eame si ce qu&rsquo;il dit para\u00eet contraire \u00e0 nos raisonnements et \u00e0 ce que nous voyons. Que sa parole soit plut\u00f4t ma\u00eetresse de notre raison et de notre vue elle-m\u00eame. Ayons cette attitude face aux myst\u00e8res sacr\u00e9s : n&rsquo;y voyons pas seulement ce qui tombe sous nos sens, mais tenons surtout compte des paroles du Seigneur. Sa parole ne peut pas nous tromper, alors que nos sens nous \u00e9garent facilement ; elle n&rsquo;est jamais prise en d\u00e9faut, mais eux d\u00e9faillent tr\u00e8s souvent. Lorsque le Verbe dit : \u00ab Ceci est mon corps \u00bb, fions-nous \u00e0 lui, croyons et contemplons-le avec les yeux de l&rsquo;esprit. (&#8230;)<\/p>\n<p>Combien de gens disent aujourd&rsquo;hui : \u00ab Je voudrais voir le Christ en personne, son visage, ses v\u00eatements, ses chaussures \u00bb. Eh bien, dans l&rsquo;eucharistie c&rsquo;est lui que tu vois, que tu touches, lui que tu re\u00e7ois ! Tu d\u00e9sirais voir ses v\u00eatements ; et c&rsquo;est lui-m\u00eame qui se donne \u00e0 toi non seulement pour le voir, mais pour le toucher, le manger, l&rsquo;accueillir dans ton c\u0153ur. Que personne donc ne s&rsquo;approche avec indiff\u00e9rence ou avec mollesse ; mais que tous viennent \u00e0 lui anim\u00e9s d&rsquo;un amour br\u00fblant.<\/p>\n<h3 class=\"GospelCommentaryAuthor-name commentary-author font-2\">Saint Jean Chrysostome (v. 345-407)<\/h3>\n<p>&nbsp;<\/p>\n<p>&nbsp;<\/p>\n","protected":false},"excerpt":{"rendered":"<p>\u00ab Prenez et mangez, dit J\u00e9sus, ceci est mon corps qui est rompu pour vous \u00bb (cf 1Co 11,24). Pourquoi les disciples n&rsquo;ont-ils pas \u00e9t\u00e9 troubl\u00e9s en entendant ces mots ? C&rsquo;est parce que le Christ leur avait d\u00e9j\u00e0 dit beaucoup de grandes choses \u00e0 ce sujet (Jn 6). (&#8230;) Faisons pleinement confiance \u00e0 Dieu, [&hellip;]<\/p>\n","protected":false},"author":2,"featured_media":0,"comment_status":"closed","ping_status":"closed","sticky":false,"template":"","format":"standard","meta":{"footnotes":""},"categories":[13,1261],"tags":[264,385,1043],"class_list":["post-20080","post","type-post","status-publish","format-standard","hentry","category-ecritures","category-enseignement-2","tag-corps-du-christ","tag-eucharistie","tag-st-jean-chrysostome"],"_links":{"self":[{"href":"https:\/\/www.associationdemarie.org\/blog\/wp-json\/wp\/v2\/posts\/20080","targetHints":{"allow":["GET"]}}],"collection":[{"href":"https:\/\/www.associationdemarie.org\/blog\/wp-json\/wp\/v2\/posts"}],"about":[{"href":"https:\/\/www.associationdemarie.org\/blog\/wp-json\/wp\/v2\/types\/post"}],"author":[{"embeddable":true,"href":"https:\/\/www.associationdemarie.org\/blog\/wp-json\/wp\/v2\/users\/2"}],"replies":[{"embeddable":true,"href":"https:\/\/www.associationdemarie.org\/blog\/wp-json\/wp\/v2\/comments?post=20080"}],"version-history":[{"count":1,"href":"https:\/\/www.associationdemarie.org\/blog\/wp-json\/wp\/v2\/posts\/20080\/revisions"}],"predecessor-version":[{"id":20082,"href":"https:\/\/www.associationdemarie.org\/blog\/wp-json\/wp\/v2\/posts\/20080\/revisions\/20082"}],"wp:attachment":[{"href":"https:\/\/www.associationdemarie.org\/blog\/wp-json\/wp\/v2\/media?parent=20080"}],"wp:term":[{"taxonomy":"category","embeddable":true,"href":"https:\/\/www.associationdemarie.org\/blog\/wp-json\/wp\/v2\/categories?post=20080"},{"taxonomy":"post_tag","embeddable":true,"href":"https:\/\/www.associationdemarie.org\/blog\/wp-json\/wp\/v2\/tags?post=20080"}],"curies":[{"name":"wp","href":"https:\/\/api.w.org\/{rel}","templated":true}]}}