{"id":20073,"date":"2021-04-22T01:13:11","date_gmt":"2021-04-22T00:13:11","guid":{"rendered":"http:\/\/www.associationdemarie.org\/blog\/?p=20073"},"modified":"2021-04-01T08:16:55","modified_gmt":"2021-04-01T07:16:55","slug":"ce-pain-la-qui-descend-du-ciel-celui-qui-en-mange-ne-mourra-pas-2","status":"publish","type":"post","link":"https:\/\/www.associationdemarie.org\/blog\/ce-pain-la-qui-descend-du-ciel-celui-qui-en-mange-ne-mourra-pas-2\/","title":{"rendered":"\u00ab Ce pain-l\u00e0, qui descend du ciel, celui qui en mange ne mourra pas. \u00bb"},"content":{"rendered":"<p><img loading=\"lazy\" decoding=\"async\" class=\"aligncenter size-full wp-image-20074\" src=\"https:\/\/www.associationdemarie.org\/blog\/wp-content\/uploads\/2021\/04\/unnamed.gif\" alt=\"\" width=\"388\" height=\"422\" \/><\/p>\n<p>Le bon J\u00e9sus, voyant combien son secours nous \u00e9tait n\u00e9cessaire, a cherch\u00e9 un moyen admirable o\u00f9 para\u00eet bien l&rsquo;exc\u00e8s de son amour pour nous. Voil\u00e0 pourquoi il a fait en son nom et au nom de tous ses fr\u00e8res cette pri\u00e8re : \u00ab Donne-nous aujourd&rsquo;hui, Seigneur, notre pain de ce jour \u00bb (Mt 6,11). (&#8230;) Il a senti qu&rsquo;il devait r\u00e9veiller notre amour en nous mettant le sien sous les yeux, et non pas un jour seulement, mais tous les jours. Voil\u00e0 pourquoi il a d\u00fb prendre le parti de demeurer au milieu de nous. (&#8230;)<\/p>\n<p>Je ne peux pas m&#8217;emp\u00eacher d&rsquo;admirer comment cette demande est la seule o\u00f9 il r\u00e9p\u00e8te les m\u00eames paroles. Car tout d&rsquo;abord il prie pour qu&rsquo;on nous donne ce pain chaque jour ; puis il ajoute : \u00ab Donne-le nous aujourd&rsquo;hui \u00bb. C&rsquo;est comme s&rsquo;il disait \u00e0 son P\u00e8re que, ayant \u00e9t\u00e9 une fois livr\u00e9 \u00e0 mort pour nous, et \u00e9tant d\u00e9sormais notre bien, il ne nous l&rsquo;enl\u00e8ve pas, mais le laisse nous servir tous les jours, jusqu&rsquo;\u00e0 la fin du monde. (&#8230;) S&rsquo;il dit \u00ab notre pain de chaque jour \u00bb, c&rsquo;est, \u00e0 mon avis, parce que non seulement nous le poss\u00e9dons sur la terre, mais parce que nous le poss\u00e8derons aussi au ciel, si nous savons profiter de sa compagnie. (&#8230;) Quand il dit \u00ab aujourd&rsquo;hui \u00bb, c&rsquo;est, ce me semble, pour signifier un jour, c&rsquo;est-\u00e0-dire la dur\u00e9e du monde ; car le monde ne dure vraiment qu&rsquo;un jour. (&#8230;)<\/p>\n<p>Le Fils, en effet, a dit au P\u00e8re \u00e9ternel : \u00ab Puisqu&rsquo;il ne s&rsquo;agit que d&rsquo;un jour, permettez-moi de le passer dans la servitude \u00bb. Dieu le P\u00e8re nous l&rsquo;a donn\u00e9 et l&rsquo;a envoy\u00e9 en ce monde par sa seule volont\u00e9. Le Fils \u00e0 son tour, par sa volont\u00e9 propre, ne veut pas nous abandonner, mais s&rsquo;\u00e9tablir au milieu de nous pour la plus grande gloire de ses amis et la confusion de ses ennemis. Il ne fait cette nouvelle demande que pour aujourd&rsquo;hui ; le P\u00e8re \u00e9ternel nous a donn\u00e9 ce pain sacr\u00e9, et c&rsquo;est pour toujours, je le r\u00e9p\u00e8te, qu&rsquo;il nous a donn\u00e9 cet aliment de l&rsquo;humanit\u00e9 du Sauveur, notre soutien, notre vraie manne. Dans ce tr\u00e8s saint sacrement, notre \u00e2me trouvera tous les go\u00fbts et toutes les consolations qu&rsquo;elle pourra souhaiter (cf Sg 16,20). Et s&rsquo;il n&rsquo;y a pas de faute de notre part, nous sommes assur\u00e9s de ne pas mourir de faim.<\/p>\n<h3 class=\"GospelCommentaryAuthor-name commentary-author font-2\">Sainte Th\u00e9r\u00e8se d&rsquo;Avila (1515-1582)<\/h3>\n<p>&nbsp;<\/p>\n<p>&nbsp;<\/p>\n","protected":false},"excerpt":{"rendered":"<p>Le bon J\u00e9sus, voyant combien son secours nous \u00e9tait n\u00e9cessaire, a cherch\u00e9 un moyen admirable o\u00f9 para\u00eet bien l&rsquo;exc\u00e8s de son amour pour nous. Voil\u00e0 pourquoi il a fait en son nom et au nom de tous ses fr\u00e8res cette pri\u00e8re : \u00ab Donne-nous aujourd&rsquo;hui, Seigneur, notre pain de ce jour \u00bb (Mt 6,11). (&#8230;) [&hellip;]<\/p>\n","protected":false},"author":2,"featured_media":0,"comment_status":"closed","ping_status":"closed","sticky":false,"template":"","format":"standard","meta":{"footnotes":""},"categories":[13,1261],"tags":[385,754,795,1109],"class_list":["post-20073","post","type-post","status-publish","format-standard","hentry","category-ecritures","category-enseignement-2","tag-eucharistie","tag-pain","tag-pere-eternel","tag-ste-therese-davila"],"_links":{"self":[{"href":"https:\/\/www.associationdemarie.org\/blog\/wp-json\/wp\/v2\/posts\/20073","targetHints":{"allow":["GET"]}}],"collection":[{"href":"https:\/\/www.associationdemarie.org\/blog\/wp-json\/wp\/v2\/posts"}],"about":[{"href":"https:\/\/www.associationdemarie.org\/blog\/wp-json\/wp\/v2\/types\/post"}],"author":[{"embeddable":true,"href":"https:\/\/www.associationdemarie.org\/blog\/wp-json\/wp\/v2\/users\/2"}],"replies":[{"embeddable":true,"href":"https:\/\/www.associationdemarie.org\/blog\/wp-json\/wp\/v2\/comments?post=20073"}],"version-history":[{"count":1,"href":"https:\/\/www.associationdemarie.org\/blog\/wp-json\/wp\/v2\/posts\/20073\/revisions"}],"predecessor-version":[{"id":20075,"href":"https:\/\/www.associationdemarie.org\/blog\/wp-json\/wp\/v2\/posts\/20073\/revisions\/20075"}],"wp:attachment":[{"href":"https:\/\/www.associationdemarie.org\/blog\/wp-json\/wp\/v2\/media?parent=20073"}],"wp:term":[{"taxonomy":"category","embeddable":true,"href":"https:\/\/www.associationdemarie.org\/blog\/wp-json\/wp\/v2\/categories?post=20073"},{"taxonomy":"post_tag","embeddable":true,"href":"https:\/\/www.associationdemarie.org\/blog\/wp-json\/wp\/v2\/tags?post=20073"}],"curies":[{"name":"wp","href":"https:\/\/api.w.org\/{rel}","templated":true}]}}