{"id":20059,"date":"2021-04-18T01:08:04","date_gmt":"2021-04-18T00:08:04","guid":{"rendered":"http:\/\/www.associationdemarie.org\/blog\/?p=20059"},"modified":"2021-03-28T09:12:56","modified_gmt":"2021-03-28T08:12:56","slug":"cest-bien-moi-touchez-moi","status":"publish","type":"post","link":"https:\/\/www.associationdemarie.org\/blog\/cest-bien-moi-touchez-moi\/","title":{"rendered":"\u00ab C&rsquo;est bien moi ! Touchez-moi ! \u00bb"},"content":{"rendered":"<p><img loading=\"lazy\" decoding=\"async\" class=\"aligncenter  wp-image-20060\" src=\"https:\/\/www.associationdemarie.org\/blog\/wp-content\/uploads\/2021\/03\/Unknown.jpeg\" alt=\"\" width=\"359\" height=\"354\" \/><\/p>\n<p>Comment le corps du Seigneur, une fois ressuscit\u00e9, est-il rest\u00e9 un corps v\u00e9ritable, alors qu&rsquo;il a pu entrer aupr\u00e8s des disciples malgr\u00e9 les portes ferm\u00e9es ? Nous devons savoir que l&rsquo;action divine n&rsquo;aurait plus rien d&rsquo;admirable si la raison humaine pouvait la comprendre, et que la foi n&rsquo;aurait pas de m\u00e9rite si la raison lui fournissait des preuves exp\u00e9rimentales. De telles \u0153uvres de notre R\u00e9dempteur, qui par elles-m\u00eames sont absolument incompr\u00e9hensibles, doivent \u00eatre m\u00e9dit\u00e9es \u00e0 la lumi\u00e8re de ses autres actions, en sorte que nous soyons amen\u00e9s \u00e0 croire \u00e0 ces faits merveilleux par d&rsquo;autres qui le sont plus encore. Car ce corps du Seigneur qui rejoignait les disciples malgr\u00e9 les portes ferm\u00e9es est le m\u00eame que sa Nativit\u00e9 a rendu visible aux hommes quand il est sorti du sein ferm\u00e9 de la Vierge. Il ne faut donc pas s&rsquo;\u00e9tonner si notre R\u00e9dempteur, apr\u00e8s \u00eatre ressuscit\u00e9 pour vivre \u00e0 jamais, est entr\u00e9 malgr\u00e9 les portes ferm\u00e9es, puisqu&rsquo;en venant en ce monde pour mourir, il est sorti du sein de la Vierge sans l&rsquo;ouvrir.<\/p>\n<p>Comme la foi de ceux qui regardaient ce corps visible demeurait h\u00e9sitante, le Seigneur leur a pr\u00e9sent\u00e9 \u00e0 toucher cette chair qu&rsquo;il avait fait passer \u00e0 travers les portes ferm\u00e9es. (&#8230;) Or, ce qui se touche se corrompt n\u00e9cessairement, et ce qui ne se corrompt pas ne peut pas \u00eatre touch\u00e9. Mais d&rsquo;une mani\u00e8re merveilleuse et incompr\u00e9hensible, notre R\u00e9dempteur nous a donn\u00e9 \u00e0 voir apr\u00e8s sa r\u00e9surrection un corps \u00e0 la fois incorruptible et palpable. En le montrant incorruptible, il nous invitait \u00e0 la r\u00e9compense ; en le donnant \u00e0 toucher, il nous confirmait dans la foi. Il s&rsquo;est fait donc voir \u00e0 la fois incorruptible et palpable, pour bien manifester qu&rsquo;apr\u00e8s sa r\u00e9surrection son corps restait de m\u00eame nature, mais qu&rsquo;il \u00e9tait \u00e9lev\u00e9 \u00e0 une gloire tout autre.<\/p>\n<h3 class=\"GospelCommentaryAuthor-name commentary-author font-2\">Saint Gr\u00e9goire le Grand (v. 540-604)<\/h3>\n<p>&nbsp;<\/p>\n<p>&nbsp;<\/p>\n<p>&nbsp;<\/p>\n","protected":false},"excerpt":{"rendered":"<p>Comment le corps du Seigneur, une fois ressuscit\u00e9, est-il rest\u00e9 un corps v\u00e9ritable, alors qu&rsquo;il a pu entrer aupr\u00e8s des disciples malgr\u00e9 les portes ferm\u00e9es ? Nous devons savoir que l&rsquo;action divine n&rsquo;aurait plus rien d&rsquo;admirable si la raison humaine pouvait la comprendre, et que la foi n&rsquo;aurait pas de m\u00e9rite si la raison lui [&hellip;]<\/p>\n","protected":false},"author":2,"featured_media":0,"comment_status":"closed","ping_status":"closed","sticky":false,"template":"","format":"standard","meta":{"footnotes":""},"categories":[3,13,1261],"tags":[1488,1081],"class_list":["post-20059","post","type-post","status-publish","format-standard","hentry","category-liturgique","category-ecritures","category-enseignement-2","tag-st-gregoire-le-grand","tag-st-thomas"],"_links":{"self":[{"href":"https:\/\/www.associationdemarie.org\/blog\/wp-json\/wp\/v2\/posts\/20059","targetHints":{"allow":["GET"]}}],"collection":[{"href":"https:\/\/www.associationdemarie.org\/blog\/wp-json\/wp\/v2\/posts"}],"about":[{"href":"https:\/\/www.associationdemarie.org\/blog\/wp-json\/wp\/v2\/types\/post"}],"author":[{"embeddable":true,"href":"https:\/\/www.associationdemarie.org\/blog\/wp-json\/wp\/v2\/users\/2"}],"replies":[{"embeddable":true,"href":"https:\/\/www.associationdemarie.org\/blog\/wp-json\/wp\/v2\/comments?post=20059"}],"version-history":[{"count":1,"href":"https:\/\/www.associationdemarie.org\/blog\/wp-json\/wp\/v2\/posts\/20059\/revisions"}],"predecessor-version":[{"id":20061,"href":"https:\/\/www.associationdemarie.org\/blog\/wp-json\/wp\/v2\/posts\/20059\/revisions\/20061"}],"wp:attachment":[{"href":"https:\/\/www.associationdemarie.org\/blog\/wp-json\/wp\/v2\/media?parent=20059"}],"wp:term":[{"taxonomy":"category","embeddable":true,"href":"https:\/\/www.associationdemarie.org\/blog\/wp-json\/wp\/v2\/categories?post=20059"},{"taxonomy":"post_tag","embeddable":true,"href":"https:\/\/www.associationdemarie.org\/blog\/wp-json\/wp\/v2\/tags?post=20059"}],"curies":[{"name":"wp","href":"https:\/\/api.w.org\/{rel}","templated":true}]}}