{"id":19978,"date":"2021-03-30T01:17:52","date_gmt":"2021-03-30T00:17:52","guid":{"rendered":"http:\/\/www.associationdemarie.org\/blog\/?p=19978"},"modified":"2021-03-09T06:20:32","modified_gmt":"2021-03-09T05:20:32","slug":"le-mardi-saint-3","status":"publish","type":"post","link":"https:\/\/www.associationdemarie.org\/blog\/le-mardi-saint-3\/","title":{"rendered":"Le mardi saint"},"content":{"rendered":"<p><img loading=\"lazy\" decoding=\"async\" class=\"aligncenter  wp-image-19979\" src=\"https:\/\/www.associationdemarie.org\/blog\/wp-content\/uploads\/2021\/03\/unnamed-1.jpg\" alt=\"\" width=\"494\" height=\"278\" srcset=\"https:\/\/www.associationdemarie.org\/blog\/wp-content\/uploads\/2021\/03\/unnamed-1.jpg 512w, https:\/\/www.associationdemarie.org\/blog\/wp-content\/uploads\/2021\/03\/unnamed-1-300x169.jpg 300w\" sizes=\"auto, (max-width: 494px) 100vw, 494px\" \/><\/p>\n<p>Pierre a reni\u00e9 une premi\u00e8re fois et n&rsquo;a pas pleur\u00e9, parce que le Seigneur ne l&rsquo;avait pas regard\u00e9. Il a reni\u00e9 une seconde fois, et il n&rsquo;a pas pleur\u00e9, parce que le Seigneur ne l&rsquo;avait pas encore regard\u00e9. Il a reni\u00e9 une troisi\u00e8me fois, J\u00e9sus l&rsquo;a regard\u00e9, et il a pleur\u00e9, tr\u00e8s am\u00e8rement (Lc 22,62). Regarde-nous, Seigneur J\u00e9sus, pour que nous sachions pleurer notre p\u00e9ch\u00e9. Cela montre que m\u00eame la chute des saints peut \u00eatre utile. Le reniement de Pierre ne m&rsquo;a pas fait tort ; au contraire, \u00e0 son repentir, j&rsquo;ai gagn\u00e9 : j&rsquo;ai appris \u00e0 me garder d&rsquo;un entourage infid\u00e8le (&#8230;)<\/p>\n<p>Pierre a donc pleur\u00e9, et tr\u00e8s am\u00e8rement ; il a pleur\u00e9 pour arriver \u00e0 laver sa faute par des larmes. Vous aussi, si vous voulez obtenir le pardon, effacez votre faute par les larmes ; au moment m\u00eame, sur l&rsquo;heure, le Christ vous regarde. S&rsquo;il vous survient quelque chute, lui, t\u00e9moin pr\u00e9sent \u00e0 votre vie secr\u00e8te, vous regarde pour vous rappeler et vous faire avouer votre erreur. Faites alors comme Pierre, qui dit ailleurs par trois fois : \u00ab Seigneur, tu sais que je t&rsquo;aime \u00bb (Jn 21,15). Il a reni\u00e9 trois fois, trois fois aussi il confesse ; mais il a reni\u00e9 dans la nuit, et il confesse au grand jour.<\/p>\n<p>Tout cela est \u00e9crit pour nous faire comprendre que personne ne doit se vanter. Si Pierre est tomb\u00e9 pour avoir dit : \u00ab M\u00eame si d&rsquo;autres viennent \u00e0 tr\u00e9bucher, moi je ne tomberai pas \u00bb (Mt 26,33), quel autre serait en droit de compter sur soi-m\u00eame ? (&#8230;) D&rsquo;o\u00f9 est-ce que je te rappellerai, Pierre, pour m&rsquo;apprendre tes pens\u00e9es quand tu pleurais ? Du ciel o\u00f9 tu as d\u00e9j\u00e0 pris place parmi les ch\u0153urs des anges, ou encore du tombeau ? Car la mort, d&rsquo;o\u00f9 le Seigneur est ressuscit\u00e9, ne te r\u00e9pugne pas \u00e0 ton tour. Enseigne-nous \u00e0 quoi t&rsquo;ont servi tes larmes. Mais tu l&rsquo;as enseign\u00e9 bien vite : car \u00e9tant tomb\u00e9 avant de pleurer, tes larmes t&rsquo;ont fait choisir pour conduire les autres, toi qui, d&rsquo;abord, n&rsquo;avais pas su te conduire toi-m\u00eame.<\/p>\n<h3 class=\"GospelCommentaryAuthor-name commentary-author font-2\">Saint Ambroise (v. 340-397)<\/h3>\n<p>&nbsp;<\/p>\n<p>&nbsp;<\/p>\n","protected":false},"excerpt":{"rendered":"<p>Pierre a reni\u00e9 une premi\u00e8re fois et n&rsquo;a pas pleur\u00e9, parce que le Seigneur ne l&rsquo;avait pas regard\u00e9. Il a reni\u00e9 une seconde fois, et il n&rsquo;a pas pleur\u00e9, parce que le Seigneur ne l&rsquo;avait pas encore regard\u00e9. Il a reni\u00e9 une troisi\u00e8me fois, J\u00e9sus l&rsquo;a regard\u00e9, et il a pleur\u00e9, tr\u00e8s am\u00e8rement (Lc 22,62). [&hellip;]<\/p>\n","protected":false},"author":2,"featured_media":0,"comment_status":"closed","ping_status":"closed","sticky":false,"template":"","format":"standard","meta":{"footnotes":""},"categories":[1578,13,1261,28],"tags":[184,191,1332,678,972,1007,1071],"class_list":["post-19978","post","type-post","status-publish","format-standard","hentry","category-careme-2021","category-ecritures","category-enseignement-2","category-saints-et-saintes","tag-careme","tag-cene","tag-mardi-saint","tag-misericorde","tag-semaine-sainte","tag-st-ambroise","tag-st-pierre"],"_links":{"self":[{"href":"https:\/\/www.associationdemarie.org\/blog\/wp-json\/wp\/v2\/posts\/19978","targetHints":{"allow":["GET"]}}],"collection":[{"href":"https:\/\/www.associationdemarie.org\/blog\/wp-json\/wp\/v2\/posts"}],"about":[{"href":"https:\/\/www.associationdemarie.org\/blog\/wp-json\/wp\/v2\/types\/post"}],"author":[{"embeddable":true,"href":"https:\/\/www.associationdemarie.org\/blog\/wp-json\/wp\/v2\/users\/2"}],"replies":[{"embeddable":true,"href":"https:\/\/www.associationdemarie.org\/blog\/wp-json\/wp\/v2\/comments?post=19978"}],"version-history":[{"count":2,"href":"https:\/\/www.associationdemarie.org\/blog\/wp-json\/wp\/v2\/posts\/19978\/revisions"}],"predecessor-version":[{"id":19981,"href":"https:\/\/www.associationdemarie.org\/blog\/wp-json\/wp\/v2\/posts\/19978\/revisions\/19981"}],"wp:attachment":[{"href":"https:\/\/www.associationdemarie.org\/blog\/wp-json\/wp\/v2\/media?parent=19978"}],"wp:term":[{"taxonomy":"category","embeddable":true,"href":"https:\/\/www.associationdemarie.org\/blog\/wp-json\/wp\/v2\/categories?post=19978"},{"taxonomy":"post_tag","embeddable":true,"href":"https:\/\/www.associationdemarie.org\/blog\/wp-json\/wp\/v2\/tags?post=19978"}],"curies":[{"name":"wp","href":"https:\/\/api.w.org\/{rel}","templated":true}]}}