{"id":19972,"date":"2021-03-29T01:12:38","date_gmt":"2021-03-29T00:12:38","guid":{"rendered":"http:\/\/www.associationdemarie.org\/blog\/?p=19972"},"modified":"2021-03-08T19:20:01","modified_gmt":"2021-03-08T18:20:01","slug":"le-lundi-saint-2","status":"publish","type":"post","link":"https:\/\/www.associationdemarie.org\/blog\/le-lundi-saint-2\/","title":{"rendered":"Le lundi saint"},"content":{"rendered":"<p><img loading=\"lazy\" decoding=\"async\" class=\"aligncenter  wp-image-19973\" src=\"https:\/\/www.associationdemarie.org\/blog\/wp-content\/uploads\/2021\/03\/forgiveness.jpg\" alt=\"\" width=\"466\" height=\"386\" srcset=\"https:\/\/www.associationdemarie.org\/blog\/wp-content\/uploads\/2021\/03\/forgiveness.jpg 507w, https:\/\/www.associationdemarie.org\/blog\/wp-content\/uploads\/2021\/03\/forgiveness-300x249.jpg 300w\" sizes=\"auto, (max-width: 466px) 100vw, 466px\" \/><\/p>\n<p>Apr\u00e8s avoir oint les pieds du Seigneur, cette femme ne les a pas essuy\u00e9s avec un linge, mais avec ses propres cheveux, pour mieux honorer le Seigneur. (&#8230;) Comme quelqu&rsquo;un d&rsquo;assoiff\u00e9 qui boit l&rsquo;eau d&rsquo;une source qui tombe en cascade, cette sainte femme a bu \u00e0 la source de saintet\u00e9 une gr\u00e2ce pleine de d\u00e9lices, pour \u00e9tancher la soif de sa foi.<\/p>\n<p>Mais au sens all\u00e9gorique ou mystique cette femme pr\u00e9figurait l&rsquo;\u00c9glise, qui a offert au Christ la d\u00e9votion pleine et totale de sa foi. (&#8230;) Dans une livre, il y a douze onces. C&rsquo;est donc la mesure du parfum que poss\u00e8de l&rsquo;\u00c9glise qui a re\u00e7u, comme un parfum pr\u00e9cieux, l&rsquo;enseignement des douze ap\u00f4tres. En effet, quoi de plus pr\u00e9cieux que l&rsquo;enseignement des ap\u00f4tres, qui contient la foi au Christ et la gloire du Royaume des cieux ? De plus, on rapporte que toute la maison fut remplie de l&rsquo;odeur de ce parfum, parce que le monde entier a \u00e9t\u00e9 rempli de l&rsquo;enseignement des ap\u00f4tres. \u00ab Par toute la terre \u00bb, comme il est \u00e9crit, \u00ab se r\u00e9pandit leur voix, et jusqu&rsquo;aux confins du monde leurs paroles \u00bb (Ps 18,5). (&#8230;)<\/p>\n<p>Nous lisons dans le Cantique des Cantiques cette parole que Salomon fait dire \u00e0 l&rsquo;\u00c9glise : \u00ab Ton nom est un parfum r\u00e9pandu \u00bb (1,2). Ce n&rsquo;est pas sans raison que le nom du Seigneur est appel\u00e9 \u00ab parfum r\u00e9pandu \u00bb. Un parfum, vous le savez, tant qu&rsquo;il est conserv\u00e9 \u00e0 l&rsquo;int\u00e9rieur de son flacon, garde en lui la force de son odeur ; mais d\u00e8s qu&rsquo;on le verse ou le vide, alors il r\u00e9pand son parfum odorant. De la m\u00eame fa\u00e7on, notre Seigneur et Sauveur, alors qu&rsquo;il r\u00e9gnait au ciel avec le P\u00e8re, \u00e9tait ignor\u00e9 du monde, inconnu ici-bas. Mais lorsque, pour notre salut, il a daign\u00e9 s&rsquo;abaisser en descendant du ciel pour prendre un corps humain, alors il a r\u00e9pandu dans le monde la douceur et le parfum de son nom.<\/p>\n<h3 class=\"GospelCommentaryAuthor-name commentary-author font-2\">Saint Chromace d&rsquo;Aquil\u00e9e (?-407)<\/h3>\n<p>&nbsp;<\/p>\n<p><img loading=\"lazy\" decoding=\"async\" class=\"aligncenter  wp-image-19976\" src=\"https:\/\/www.associationdemarie.org\/blog\/wp-content\/uploads\/2021\/03\/Careme-34.png\" alt=\"\" width=\"415\" height=\"590\" srcset=\"https:\/\/www.associationdemarie.org\/blog\/wp-content\/uploads\/2021\/03\/Careme-34.png 360w, https:\/\/www.associationdemarie.org\/blog\/wp-content\/uploads\/2021\/03\/Careme-34-211x300.png 211w\" sizes=\"auto, (max-width: 415px) 100vw, 415px\" \/><\/p>\n<p>&nbsp;<\/p>\n<p>&nbsp;<\/p>\n","protected":false},"excerpt":{"rendered":"<p>Apr\u00e8s avoir oint les pieds du Seigneur, cette femme ne les a pas essuy\u00e9s avec un linge, mais avec ses propres cheveux, pour mieux honorer le Seigneur. (&#8230;) Comme quelqu&rsquo;un d&rsquo;assoiff\u00e9 qui boit l&rsquo;eau d&rsquo;une source qui tombe en cascade, cette sainte femme a bu \u00e0 la source de saintet\u00e9 une gr\u00e2ce pleine de d\u00e9lices, [&hellip;]<\/p>\n","protected":false},"author":2,"featured_media":0,"comment_status":"closed","ping_status":"closed","sticky":false,"template":"","format":"standard","meta":{"footnotes":""},"categories":[3,1578,26],"tags":[184,1457,848,972,1345],"class_list":["post-19972","post","type-post","status-publish","format-standard","hentry","category-liturgique","category-careme-2021","category-priere-des-ames","tag-careme","tag-lundi-saint","tag-psaume","tag-semaine-sainte","tag-st-chromace-daquilee"],"_links":{"self":[{"href":"https:\/\/www.associationdemarie.org\/blog\/wp-json\/wp\/v2\/posts\/19972","targetHints":{"allow":["GET"]}}],"collection":[{"href":"https:\/\/www.associationdemarie.org\/blog\/wp-json\/wp\/v2\/posts"}],"about":[{"href":"https:\/\/www.associationdemarie.org\/blog\/wp-json\/wp\/v2\/types\/post"}],"author":[{"embeddable":true,"href":"https:\/\/www.associationdemarie.org\/blog\/wp-json\/wp\/v2\/users\/2"}],"replies":[{"embeddable":true,"href":"https:\/\/www.associationdemarie.org\/blog\/wp-json\/wp\/v2\/comments?post=19972"}],"version-history":[{"count":3,"href":"https:\/\/www.associationdemarie.org\/blog\/wp-json\/wp\/v2\/posts\/19972\/revisions"}],"predecessor-version":[{"id":19977,"href":"https:\/\/www.associationdemarie.org\/blog\/wp-json\/wp\/v2\/posts\/19972\/revisions\/19977"}],"wp:attachment":[{"href":"https:\/\/www.associationdemarie.org\/blog\/wp-json\/wp\/v2\/media?parent=19972"}],"wp:term":[{"taxonomy":"category","embeddable":true,"href":"https:\/\/www.associationdemarie.org\/blog\/wp-json\/wp\/v2\/categories?post=19972"},{"taxonomy":"post_tag","embeddable":true,"href":"https:\/\/www.associationdemarie.org\/blog\/wp-json\/wp\/v2\/tags?post=19972"}],"curies":[{"name":"wp","href":"https:\/\/api.w.org\/{rel}","templated":true}]}}