{"id":19969,"date":"2021-03-28T01:07:50","date_gmt":"2021-03-28T00:07:50","guid":{"rendered":"http:\/\/www.associationdemarie.org\/blog\/?p=19969"},"modified":"2021-03-06T11:13:58","modified_gmt":"2021-03-06T10:13:58","slug":"dimanche-des-rameaux-et-de-la-passion-4","status":"publish","type":"post","link":"https:\/\/www.associationdemarie.org\/blog\/dimanche-des-rameaux-et-de-la-passion-4\/","title":{"rendered":"Dimanche des Rameaux et de la Passion"},"content":{"rendered":"<p><img loading=\"lazy\" decoding=\"async\" class=\"aligncenter  wp-image-19970\" src=\"https:\/\/www.associationdemarie.org\/blog\/wp-content\/uploads\/2021\/03\/dimanche-rameaux-2019.jpg\" alt=\"\" width=\"379\" height=\"237\" srcset=\"https:\/\/www.associationdemarie.org\/blog\/wp-content\/uploads\/2021\/03\/dimanche-rameaux-2019.jpg 969w, https:\/\/www.associationdemarie.org\/blog\/wp-content\/uploads\/2021\/03\/dimanche-rameaux-2019-300x188.jpg 300w, https:\/\/www.associationdemarie.org\/blog\/wp-content\/uploads\/2021\/03\/dimanche-rameaux-2019-768x480.jpg 768w\" sizes=\"auto, (max-width: 379px) 100vw, 379px\" \/><\/p>\n<p>Le bon J\u00e9sus, la source de toute mis\u00e9ricorde, pour nous t\u00e9moigner la douceur de son extr\u00eame bont\u00e9, n&rsquo;a point pleur\u00e9 am\u00e8rement une fois mais plusieurs fois sur notre mis\u00e8re. Une premi\u00e8re fois sur Lazare, puis sur la Ville: sur la croix, ses yeux tr\u00e8s mis\u00e9ricordieux r\u00e9pandirent enfin des torrents de larmes pour l&rsquo;expiation de tous les p\u00e9ch\u00e9s. (&#8230;) \u00d4 c\u0153ur dur, (&#8230;) vois ton m\u00e9decin en pleurs et \u00ab prends le deuil comme sur un fils unique \u00bb (J\u00e9r 6,26). (&#8230;)<\/p>\n<p>Apr\u00e8s la r\u00e9surrection de Lazare, apr\u00e8s que le vase de parfum eut \u00e9t\u00e9 r\u00e9pandu sur la t\u00eate de J\u00e9sus, et apr\u00e8s que le bruit de la renomm\u00e9e de J\u00e9sus se fut propag\u00e9 dans le peuple, pr\u00e9voyant que la foule se porterait au-devant de Lui, J\u00e9sus monta sur un \u00e2non, afin de donner un exemple admirable d&rsquo;humilit\u00e9 au milieu des applaudissements du peuple accouru. Mais tandis que la multitude coupait des rameaux, \u00e9tendait ses habits le long du chemin et entonnait un cantique de louange, Il n&rsquo;oubliait pas leur mis\u00e8re et Lui-m\u00eame entamait sa lamentation sur la destruction de leur cit\u00e9.<\/p>\n<p>L\u00e8ve-toi donc, servante du Sauveur, pour contempler, comme l&rsquo;une des filles de J\u00e9rusalem, \u00ab ton roi Salomon \u00bb (Ct 3,11) dans les honneurs que lui rend avec v\u00e9n\u00e9ration sa M\u00e8re la Synagogue, en ce myst\u00e8re de l&rsquo;\u00c9glise naissante. Accompagne fid\u00e8lement le Ma\u00eetre du ciel et de la terre assis sur le dos de l&rsquo;\u00e2non. Accompagne-le avec les branches d&rsquo;olivier et les palmes de tes \u0153uvres de pi\u00e9t\u00e9 et des triomphes de tes vertus.<\/p>\n<h3 class=\"GospelCommentaryAuthor-name commentary-author font-2\">Saint Bonaventure (1221-1274)<\/h3>\n<p>&nbsp;<\/p>\n<p>&nbsp;<\/p>\n<p>&nbsp;<\/p>\n","protected":false},"excerpt":{"rendered":"<p>Le bon J\u00e9sus, la source de toute mis\u00e9ricorde, pour nous t\u00e9moigner la douceur de son extr\u00eame bont\u00e9, n&rsquo;a point pleur\u00e9 am\u00e8rement une fois mais plusieurs fois sur notre mis\u00e8re. Une premi\u00e8re fois sur Lazare, puis sur la Ville: sur la croix, ses yeux tr\u00e8s mis\u00e9ricordieux r\u00e9pandirent enfin des torrents de larmes pour l&rsquo;expiation de tous [&hellip;]<\/p>\n","protected":false},"author":2,"featured_media":0,"comment_status":"closed","ping_status":"closed","sticky":false,"template":"","format":"standard","meta":{"footnotes":""},"categories":[3,1578,16],"tags":[184,536,862,1239],"class_list":["post-19969","post","type-post","status-publish","format-standard","hentry","category-liturgique","category-careme-2021","category-jardins-de-la-bible","tag-careme","tag-jesus-christ","tag-rameaux","tag-st-bonaventure"],"_links":{"self":[{"href":"https:\/\/www.associationdemarie.org\/blog\/wp-json\/wp\/v2\/posts\/19969","targetHints":{"allow":["GET"]}}],"collection":[{"href":"https:\/\/www.associationdemarie.org\/blog\/wp-json\/wp\/v2\/posts"}],"about":[{"href":"https:\/\/www.associationdemarie.org\/blog\/wp-json\/wp\/v2\/types\/post"}],"author":[{"embeddable":true,"href":"https:\/\/www.associationdemarie.org\/blog\/wp-json\/wp\/v2\/users\/2"}],"replies":[{"embeddable":true,"href":"https:\/\/www.associationdemarie.org\/blog\/wp-json\/wp\/v2\/comments?post=19969"}],"version-history":[{"count":1,"href":"https:\/\/www.associationdemarie.org\/blog\/wp-json\/wp\/v2\/posts\/19969\/revisions"}],"predecessor-version":[{"id":19971,"href":"https:\/\/www.associationdemarie.org\/blog\/wp-json\/wp\/v2\/posts\/19969\/revisions\/19971"}],"wp:attachment":[{"href":"https:\/\/www.associationdemarie.org\/blog\/wp-json\/wp\/v2\/media?parent=19969"}],"wp:term":[{"taxonomy":"category","embeddable":true,"href":"https:\/\/www.associationdemarie.org\/blog\/wp-json\/wp\/v2\/categories?post=19969"},{"taxonomy":"post_tag","embeddable":true,"href":"https:\/\/www.associationdemarie.org\/blog\/wp-json\/wp\/v2\/tags?post=19969"}],"curies":[{"name":"wp","href":"https:\/\/api.w.org\/{rel}","templated":true}]}}