{"id":19957,"date":"2021-03-25T01:10:58","date_gmt":"2021-03-25T00:10:58","guid":{"rendered":"http:\/\/www.associationdemarie.org\/blog\/?p=19957"},"modified":"2021-03-03T09:13:06","modified_gmt":"2021-03-03T08:13:06","slug":"solennite-de-lannonciation-du-seigneur-9","status":"publish","type":"post","link":"https:\/\/www.associationdemarie.org\/blog\/solennite-de-lannonciation-du-seigneur-9\/","title":{"rendered":"Solennit\u00e9 de l&rsquo;Annonciation du Seigneur"},"content":{"rendered":"<p><img loading=\"lazy\" decoding=\"async\" class=\"aligncenter  wp-image-19958\" src=\"https:\/\/www.associationdemarie.org\/blog\/wp-content\/uploads\/2021\/03\/4-7-300x169.png\" alt=\"\" width=\"430\" height=\"242\" \/><\/p>\n<p>R\u00e9jouis-toi et sois dans l\u2019all\u00e9gresse, \u00f4 Marie, car tu concevras d\u2019un souffle. R\u00e9jouis-toi, car tu seras trouv\u00e9e enceinte de l\u2019Esprit Saint. Tu \u00e9tais bien l\u2019\u00e9pouse de Joseph, mais l\u2019Esprit Saint te saisit le premier. Celui qui t\u2019a cr\u00e9\u00e9e, t\u2019a marqu\u00e9e et t\u2019a r\u00e9serv\u00e9e pour lui. Ton Cr\u00e9ateur lui-m\u00eame s\u2019est fait ton \u00c9poux ; il est devenu amoureux de ta beaut\u00e9. Et c\u2019est ce Cr\u00e9ateur lui-m\u00eame qui t\u2019appelle en disant : \u00ab Viens, mon amie, ma belle, ma colombe, car d\u00e9j\u00e0 l\u2019hiver est pass\u00e9 et s\u2019en all\u00e9. Viens. \u00bb (cf. Ct 2,11.14) Il a convoit\u00e9 ta beaut\u00e9, il d\u00e9sire s\u2019unir \u00e0 toi ; il ne souffre pas de retard, il a h\u00e2te de venir \u00e0 toi.<\/p>\n<p>L\u00e8ve-toi donc, rev\u00eats-toi des v\u00eatements de ta gloire, orne-toi de tes bijoux les plus pr\u00e9cieux, car le Seigneur s\u2019est complu en toi. L\u00e8ve-toi \u00e0 la rencontre de ton \u00c9poux et de ton Dieu, et dis-lui : \u00ab Voici la servante du Seigneur. \u00bb (Lc 1,38) H\u00e2te-toi, ne tarde pas, car lui ne tardera pas, mais il sautera comme un g\u00e9ant pour fournir sa course. Toi aussi, h\u00e2te-toi ; oublie ton peuple et la maison de ton p\u00e8re ; accours \u00e0 sa rencontre pour \u00eatre bais\u00e9e d\u2019un baiser de la bouche de Dieu, et pour \u00eatre plong\u00e9e dans ses bienheureux embrassements.<\/p>\n<p>\u00ab L\u2019Esprit Saint surviendra en toi \u00bb (cf. Lc 1,35), pour qu\u2019\u00e0 son contact tes entrailles fr\u00e9missent, pour que ton sein se gonfle, que se r\u00e9jouisse ton c\u0153ur et que s\u2019\u00e9panouissent tes flancs. Sois glorifi\u00e9e, c\u2019est-\u00e0-dire grandie davantage, toi qui seras combl\u00e9e d\u2019une telle douceur, qui seras digne d\u2019un baiser si c\u00e9leste, qui seras unie \u00e0 un \u00c9poux si grand, qui seras f\u00e9cond\u00e9e par un tel mari !<\/p>\n<h3 class=\"GospelCommentaryAuthor-name commentary-author font-2\">Saint Am\u00e9d\u00e9e de Lausanne (1108-1159)<\/h3>\n<p>&nbsp;<\/p>\n<p>&nbsp;<\/p>\n","protected":false},"excerpt":{"rendered":"<p>R\u00e9jouis-toi et sois dans l\u2019all\u00e9gresse, \u00f4 Marie, car tu concevras d\u2019un souffle. R\u00e9jouis-toi, car tu seras trouv\u00e9e enceinte de l\u2019Esprit Saint. Tu \u00e9tais bien l\u2019\u00e9pouse de Joseph, mais l\u2019Esprit Saint te saisit le premier. Celui qui t\u2019a cr\u00e9\u00e9e, t\u2019a marqu\u00e9e et t\u2019a r\u00e9serv\u00e9e pour lui. Ton Cr\u00e9ateur lui-m\u00eame s\u2019est fait ton \u00c9poux ; il est [&hellip;]<\/p>\n","protected":false},"author":2,"featured_media":0,"comment_status":"closed","ping_status":"closed","sticky":false,"template":"","format":"standard","meta":{"footnotes":""},"categories":[3,26],"tags":[79,93,1539,1189],"class_list":["post-19957","post","type-post","status-publish","format-standard","hentry","category-liturgique","category-priere-des-ames","tag-annonciation-du-seigneur","tag-archange-gabriel","tag-st-amedee-de-lausanne","tag-vierge-marie"],"_links":{"self":[{"href":"https:\/\/www.associationdemarie.org\/blog\/wp-json\/wp\/v2\/posts\/19957","targetHints":{"allow":["GET"]}}],"collection":[{"href":"https:\/\/www.associationdemarie.org\/blog\/wp-json\/wp\/v2\/posts"}],"about":[{"href":"https:\/\/www.associationdemarie.org\/blog\/wp-json\/wp\/v2\/types\/post"}],"author":[{"embeddable":true,"href":"https:\/\/www.associationdemarie.org\/blog\/wp-json\/wp\/v2\/users\/2"}],"replies":[{"embeddable":true,"href":"https:\/\/www.associationdemarie.org\/blog\/wp-json\/wp\/v2\/comments?post=19957"}],"version-history":[{"count":1,"href":"https:\/\/www.associationdemarie.org\/blog\/wp-json\/wp\/v2\/posts\/19957\/revisions"}],"predecessor-version":[{"id":19959,"href":"https:\/\/www.associationdemarie.org\/blog\/wp-json\/wp\/v2\/posts\/19957\/revisions\/19959"}],"wp:attachment":[{"href":"https:\/\/www.associationdemarie.org\/blog\/wp-json\/wp\/v2\/media?parent=19957"}],"wp:term":[{"taxonomy":"category","embeddable":true,"href":"https:\/\/www.associationdemarie.org\/blog\/wp-json\/wp\/v2\/categories?post=19957"},{"taxonomy":"post_tag","embeddable":true,"href":"https:\/\/www.associationdemarie.org\/blog\/wp-json\/wp\/v2\/tags?post=19957"}],"curies":[{"name":"wp","href":"https:\/\/api.w.org\/{rel}","templated":true}]}}