{"id":19951,"date":"2021-03-23T01:09:46","date_gmt":"2021-03-23T00:09:46","guid":{"rendered":"http:\/\/www.associationdemarie.org\/blog\/?p=19951"},"modified":"2021-03-24T07:50:48","modified_gmt":"2021-03-24T06:50:48","slug":"quand-vous-aurez-eleve-le-fils-de-lhomme-alors-vous-comprendrez-que-moi-je-suis-6","status":"publish","type":"post","link":"https:\/\/www.associationdemarie.org\/blog\/quand-vous-aurez-eleve-le-fils-de-lhomme-alors-vous-comprendrez-que-moi-je-suis-6\/","title":{"rendered":"\u00ab Quand vous aurez \u00e9lev\u00e9 le Fils de l&rsquo;homme, alors vous comprendrez que moi, Je Suis. \u00bb"},"content":{"rendered":"<p><img loading=\"lazy\" decoding=\"async\" class=\"aligncenter wp-image-19952\" src=\"https:\/\/www.associationdemarie.org\/blog\/wp-content\/uploads\/2021\/03\/Jesus-en-Croix-300x200.jpg\" alt=\"\" width=\"422\" height=\"281\" \/><\/p>\n<p>Le proph\u00e8te Isa\u00efe nous d\u00e9crit une vision sublime : \u00ab J&rsquo;ai vu le Seigneur assis sur un tr\u00f4ne \u00bb (Is 6,1). Magnifique spectacle, mes fr\u00e8res ! Heureux les yeux qui l&rsquo;ont vu ! Qui ne d\u00e9sirerait de toute son \u00e2me contempler la splendeur d&rsquo;une si grande gloire ? (&#8230;) Mais voici que j&rsquo;entends le m\u00eame proph\u00e8te nous rapporter une autre vision de ce m\u00eame Seigneur, bien diff\u00e9rente : \u00ab Nous l&rsquo;avons vu ; il n&rsquo;avait ni beaut\u00e9, ni \u00e9clat : nous l&rsquo;avons pris pour un l\u00e9preux \u00bb (Is 53,2s Vulg). (&#8230;)<\/p>\n<p>Toi donc, si tu d\u00e9sires voir J\u00e9sus dans sa gloire, cherche \u00e0 le voir d&rsquo;abord dans son abaissement. Commence par fixer les yeux sur le serpent \u00e9lev\u00e9 dans le d\u00e9sert (cf Jn 3,14), si tu d\u00e9sires voir le Roi si\u00e9ger sur son tr\u00f4ne. Que cette premi\u00e8re vision te remplisse d&rsquo;humilit\u00e9, pour que la seconde te rel\u00e8ve de ton humiliation. Que celle-l\u00e0 r\u00e9prime et gu\u00e9risse ton orgueil, avant que celle-ci ne comble et rassasie ton d\u00e9sir. Vois-tu le Seigneur \u00ab r\u00e9duit \u00e0 rien \u00bb ? (Ph 2,7) Que cette vision ne te laisse pas insouciant, sinon tu ne pourras, sans souci, le contempler ensuite dans la gloire de son exaltation.<\/p>\n<p>\u00ab Tu lui seras semblable \u00bb, certes, quand tu le verras \u00ab tel qu&rsquo;il est \u00bb (1Jn 3,2) ; sois donc semblable \u00e0 lui d\u00e8s maintenant en voyant ce qu&rsquo;il est devenu \u00e0 cause de toi. Si tu ne refuses pas de lui ressembler dans son abaissement, il te donnera s\u00fbrement en retour la ressemblance de sa gloire. Il ne souffrira jamais que celui qui a particip\u00e9 \u00e0 sa Passion soit exclu de la communion \u00e0 sa gloire. Il refuse m\u00eame si peu d&rsquo;admettre avec lui dans le Royaume celui qui a partag\u00e9 sa Passion, que le larron, pour l&rsquo;avoir confess\u00e9 sur la croix, se retrouva le jour m\u00eame avec lui au paradis (Lc 23,42) (&#8230;) Oui, \u00ab si nous souffrons avec lui, avec lui, nous r\u00e9gnerons \u00bb (Rm 8,17).<\/p>\n<h3 class=\"GospelCommentaryAuthor-name commentary-author font-2\">Saint Bernard (1091-1153)<\/h3>\n<p>&nbsp;<\/p>\n<p><iframe loading=\"lazy\" title=\"You Raise Me Up\" width=\"500\" height=\"375\" src=\"https:\/\/www.youtube.com\/embed\/sza4rh1YzsM?feature=oembed\" frameborder=\"0\" allow=\"accelerometer; autoplay; clipboard-write; encrypted-media; gyroscope; picture-in-picture; web-share\" referrerpolicy=\"strict-origin-when-cross-origin\" allowfullscreen><\/iframe><\/p>\n<p>&nbsp;<\/p>\n","protected":false},"excerpt":{"rendered":"<p>Le proph\u00e8te Isa\u00efe nous d\u00e9crit une vision sublime : \u00ab J&rsquo;ai vu le Seigneur assis sur un tr\u00f4ne \u00bb (Is 6,1). Magnifique spectacle, mes fr\u00e8res ! Heureux les yeux qui l&rsquo;ont vu ! Qui ne d\u00e9sirerait de toute son \u00e2me contempler la splendeur d&rsquo;une si grande gloire ? (&#8230;) Mais voici que j&rsquo;entends le m\u00eame [&hellip;]<\/p>\n","protected":false},"author":2,"featured_media":0,"comment_status":"closed","ping_status":"closed","sticky":false,"template":"","format":"standard","meta":{"footnotes":""},"categories":[1578,13,1261],"tags":[184,1382,487,510,519,777,1017],"class_list":["post-19951","post","type-post","status-publish","format-standard","hentry","category-careme-2021","category-ecritures","category-enseignement-2","tag-careme","tag-ecritures","tag-humilite","tag-isaie","tag-je-suis","tag-passion","tag-st-bernard"],"_links":{"self":[{"href":"https:\/\/www.associationdemarie.org\/blog\/wp-json\/wp\/v2\/posts\/19951","targetHints":{"allow":["GET"]}}],"collection":[{"href":"https:\/\/www.associationdemarie.org\/blog\/wp-json\/wp\/v2\/posts"}],"about":[{"href":"https:\/\/www.associationdemarie.org\/blog\/wp-json\/wp\/v2\/types\/post"}],"author":[{"embeddable":true,"href":"https:\/\/www.associationdemarie.org\/blog\/wp-json\/wp\/v2\/users\/2"}],"replies":[{"embeddable":true,"href":"https:\/\/www.associationdemarie.org\/blog\/wp-json\/wp\/v2\/comments?post=19951"}],"version-history":[{"count":3,"href":"https:\/\/www.associationdemarie.org\/blog\/wp-json\/wp\/v2\/posts\/19951\/revisions"}],"predecessor-version":[{"id":20041,"href":"https:\/\/www.associationdemarie.org\/blog\/wp-json\/wp\/v2\/posts\/19951\/revisions\/20041"}],"wp:attachment":[{"href":"https:\/\/www.associationdemarie.org\/blog\/wp-json\/wp\/v2\/media?parent=19951"}],"wp:term":[{"taxonomy":"category","embeddable":true,"href":"https:\/\/www.associationdemarie.org\/blog\/wp-json\/wp\/v2\/categories?post=19951"},{"taxonomy":"post_tag","embeddable":true,"href":"https:\/\/www.associationdemarie.org\/blog\/wp-json\/wp\/v2\/tags?post=19951"}],"curies":[{"name":"wp","href":"https:\/\/api.w.org\/{rel}","templated":true}]}}