{"id":19831,"date":"2021-03-03T01:45:42","date_gmt":"2021-03-03T00:45:42","guid":{"rendered":"http:\/\/www.associationdemarie.org\/blog\/?p=19831"},"modified":"2021-02-10T08:48:31","modified_gmt":"2021-02-10T07:48:31","slug":"voici-que-nous-montons-a-jerusalem-2","status":"publish","type":"post","link":"https:\/\/www.associationdemarie.org\/blog\/voici-que-nous-montons-a-jerusalem-2\/","title":{"rendered":"\u00ab Voici que nous montons \u00e0 J\u00e9rusalem. \u00bb"},"content":{"rendered":"<p><img loading=\"lazy\" decoding=\"async\" class=\"aligncenter  wp-image-19832\" src=\"https:\/\/www.associationdemarie.org\/blog\/wp-content\/uploads\/2021\/02\/images.jpeg\" alt=\"\" width=\"464\" height=\"309\" \/><\/p>\n<p>\u00d4 J\u00e9rusalem, cit\u00e9 de Dieu, nous t&rsquo;acclamons \u00ab Vision de paix \u00bb.<br \/>\nTu as \u00e9t\u00e9 construite dans les cieux de pierres vivantes.<br \/>\nCouronn\u00e9e d&rsquo;anges et de saints, tu es la Bien-Aim\u00e9e du Roi.<\/p>\n<p>Descendue toute neuve du Ciel, tu es par\u00e9e pour ton \u00c9poux.<br \/>\nAvance comme l&rsquo;\u00c9pous\u00e9e ; viens \u00e9treindre ton Seigneur.<br \/>\nEt l&rsquo;on verra sur tes remparts \u00e9tinceler l&rsquo;or de ta joie.<\/p>\n<p>Que s&rsquo;ouvrent tes portes \u00e0 deux vantaux ; que resplendisse ta beaut\u00e9.<br \/>\nQue par la gr\u00e2ce soit sauv\u00e9 tout homme qui y p\u00e9n\u00e8tre.<br \/>\nQue soit accueilli celui qui souffre au nom du Christ et perd courage.<\/p>\n<p>C&rsquo;est le Christ le ma\u00eetre et l&rsquo;artisan ; c&rsquo;est lui qui taille et qui polit.<br \/>\nIl ajuste chaque pierre, la choisit en chaque lieu,<br \/>\nIl la place pour demeurer ce Temple saint o\u00f9 il habite.<\/p>\n<h3 class=\"GospelCommentaryAuthor-name commentary-author font-2\">Liturgie latine<\/h3>\n<p>(R\u00e9f\u00e9rences bibliques : 1P 2,5 ; Ap 21,2.18 ; Co 3,16)<\/p>\n<p>&nbsp;<\/p>\n","protected":false},"excerpt":{"rendered":"<p>\u00d4 J\u00e9rusalem, cit\u00e9 de Dieu, nous t&rsquo;acclamons \u00ab Vision de paix \u00bb. Tu as \u00e9t\u00e9 construite dans les cieux de pierres vivantes. Couronn\u00e9e d&rsquo;anges et de saints, tu es la Bien-Aim\u00e9e du Roi. Descendue toute neuve du Ciel, tu es par\u00e9e pour ton \u00c9poux. Avance comme l&rsquo;\u00c9pous\u00e9e ; viens \u00e9treindre ton Seigneur. Et l&rsquo;on verra [&hellip;]<\/p>\n","protected":false},"author":2,"featured_media":0,"comment_status":"closed","ping_status":"closed","sticky":false,"template":"","format":"standard","meta":{"footnotes":""},"categories":[3,13,1261],"tags":[585,725],"class_list":["post-19831","post","type-post","status-publish","format-standard","hentry","category-liturgique","category-ecritures","category-enseignement-2","tag-liturgie","tag-nouvelle-jerusalem"],"_links":{"self":[{"href":"https:\/\/www.associationdemarie.org\/blog\/wp-json\/wp\/v2\/posts\/19831","targetHints":{"allow":["GET"]}}],"collection":[{"href":"https:\/\/www.associationdemarie.org\/blog\/wp-json\/wp\/v2\/posts"}],"about":[{"href":"https:\/\/www.associationdemarie.org\/blog\/wp-json\/wp\/v2\/types\/post"}],"author":[{"embeddable":true,"href":"https:\/\/www.associationdemarie.org\/blog\/wp-json\/wp\/v2\/users\/2"}],"replies":[{"embeddable":true,"href":"https:\/\/www.associationdemarie.org\/blog\/wp-json\/wp\/v2\/comments?post=19831"}],"version-history":[{"count":1,"href":"https:\/\/www.associationdemarie.org\/blog\/wp-json\/wp\/v2\/posts\/19831\/revisions"}],"predecessor-version":[{"id":19833,"href":"https:\/\/www.associationdemarie.org\/blog\/wp-json\/wp\/v2\/posts\/19831\/revisions\/19833"}],"wp:attachment":[{"href":"https:\/\/www.associationdemarie.org\/blog\/wp-json\/wp\/v2\/media?parent=19831"}],"wp:term":[{"taxonomy":"category","embeddable":true,"href":"https:\/\/www.associationdemarie.org\/blog\/wp-json\/wp\/v2\/categories?post=19831"},{"taxonomy":"post_tag","embeddable":true,"href":"https:\/\/www.associationdemarie.org\/blog\/wp-json\/wp\/v2\/tags?post=19831"}],"curies":[{"name":"wp","href":"https:\/\/api.w.org\/{rel}","templated":true}]}}