{"id":1981,"date":"2010-12-15T01:20:59","date_gmt":"2010-12-15T01:20:59","guid":{"rendered":"http:\/\/preprod.meltem-int.com\/marie\/blog\/?p=1981"},"modified":"2010-12-15T01:20:59","modified_gmt":"2010-12-15T01:20:59","slug":"esperance-2","status":"publish","type":"post","link":"https:\/\/www.associationdemarie.org\/blog\/esperance-2\/","title":{"rendered":"Esp\u00e9rance"},"content":{"rendered":"<p><a href=\"https:\/\/www.associationdemarie.org\/blog\/wp-content\/uploads\/2010\/12\/noel-bougies.gif\"><img loading=\"lazy\" decoding=\"async\" class=\"alignright size-full wp-image-1982\" title=\"noel-bougies\" src=\"https:\/\/www.associationdemarie.org\/blog\/wp-content\/uploads\/2010\/12\/noel-bougies.gif\" alt=\"\" width=\"210\" height=\"210\" \/><\/a>Mes enfants, dans l\u2019<strong>esp\u00e9rance<\/strong> de chaque jour, soyez \u00e0 l\u2019<strong>\u00e9coute<\/strong> de tous, ayez un regard d\u2019Amour envers tous, faites ceci en ayant Dieu le P\u00e8re au plus profond de vous, dans chaque parcelle infime de votre corps, pour obtemp\u00e9rer \u00e0 la volont\u00e9 Divine pour l\u2019osmose du peuple Divin.<\/p>\n<p>Mes enfants, unissez-vous pour alimenter la Lumi\u00e8re Divine, par votre reconnaissance et votre ouverture en la Parole Divine et dans sa r\u00e9alisation terrestre. Il vous faut mettre en pratique l\u2019enseignement Divin dans l\u2019acceptation de Sa Sainte mis\u00e9ricorde et de Sa reconnaissance \u00e9ternelle.<\/p>\n<p>Vous devez \u00eatre dans l\u2019acceptation que Dieu soit en vous afin d\u2019insuffler en vous le chemin de la V\u00e9rit\u00e9, de l\u2019Amour et de l\u2019Union de tous. La b\u00e9atitude reste dans l\u2019une des finalit\u00e9s de l\u2019acceptation de votre assentiment en la volont\u00e9 Divine. Dieu le P\u00e8re ne d\u00e9sire vous offrir que Son Amour \u00e9ternel comme le p\u00e8re terrestre envers son enfant.<\/p>\n<p>Marie M\u00e8re des hommes &#8211; mars 2005<\/p>\n","protected":false},"excerpt":{"rendered":"<p>Mes enfants, dans l\u2019esp\u00e9rance de chaque jour, soyez \u00e0 l\u2019\u00e9coute de tous, ayez un regard d\u2019Amour envers tous, faites ceci en ayant Dieu le P\u00e8re au plus profond de vous, dans chaque parcelle infime de votre corps, pour obtemp\u00e9rer \u00e0 la volont\u00e9 Divine pour l\u2019osmose du peuple Divin. Mes enfants, unissez-vous pour alimenter la Lumi\u00e8re [&hellip;]<\/p>\n","protected":false},"author":2,"featured_media":0,"comment_status":"closed","ping_status":"closed","sticky":false,"template":"","format":"standard","meta":{"footnotes":""},"categories":[3,19],"tags":[297,357,375,678],"class_list":["post-1981","post","type-post","status-publish","format-standard","hentry","category-liturgique","category-messages","tag-dieu-le-pere","tag-enseignement","tag-esperance","tag-misericorde"],"_links":{"self":[{"href":"https:\/\/www.associationdemarie.org\/blog\/wp-json\/wp\/v2\/posts\/1981","targetHints":{"allow":["GET"]}}],"collection":[{"href":"https:\/\/www.associationdemarie.org\/blog\/wp-json\/wp\/v2\/posts"}],"about":[{"href":"https:\/\/www.associationdemarie.org\/blog\/wp-json\/wp\/v2\/types\/post"}],"author":[{"embeddable":true,"href":"https:\/\/www.associationdemarie.org\/blog\/wp-json\/wp\/v2\/users\/2"}],"replies":[{"embeddable":true,"href":"https:\/\/www.associationdemarie.org\/blog\/wp-json\/wp\/v2\/comments?post=1981"}],"version-history":[{"count":0,"href":"https:\/\/www.associationdemarie.org\/blog\/wp-json\/wp\/v2\/posts\/1981\/revisions"}],"wp:attachment":[{"href":"https:\/\/www.associationdemarie.org\/blog\/wp-json\/wp\/v2\/media?parent=1981"}],"wp:term":[{"taxonomy":"category","embeddable":true,"href":"https:\/\/www.associationdemarie.org\/blog\/wp-json\/wp\/v2\/categories?post=1981"},{"taxonomy":"post_tag","embeddable":true,"href":"https:\/\/www.associationdemarie.org\/blog\/wp-json\/wp\/v2\/tags?post=1981"}],"curies":[{"name":"wp","href":"https:\/\/api.w.org\/{rel}","templated":true}]}}