{"id":19806,"date":"2021-02-26T01:25:44","date_gmt":"2021-02-26T00:25:44","guid":{"rendered":"http:\/\/www.associationdemarie.org\/blog\/?p=19806"},"modified":"2021-02-05T08:27:59","modified_gmt":"2021-02-05T07:27:59","slug":"malheur-a-qui-entame-lesprit-de-charite","status":"publish","type":"post","link":"https:\/\/www.associationdemarie.org\/blog\/malheur-a-qui-entame-lesprit-de-charite\/","title":{"rendered":"Malheur \u00e0 qui entame l\u2019esprit de charit\u00e9 !"},"content":{"rendered":"<p><img loading=\"lazy\" decoding=\"async\" class=\"aligncenter  wp-image-19807\" src=\"https:\/\/www.associationdemarie.org\/blog\/wp-content\/uploads\/2021\/02\/Evron-Assises-Nov.-2017-150-1500x630.jpg\" alt=\"\" width=\"455\" height=\"191\" srcset=\"https:\/\/www.associationdemarie.org\/blog\/wp-content\/uploads\/2021\/02\/Evron-Assises-Nov.-2017-150-1500x630.jpg 1500w, https:\/\/www.associationdemarie.org\/blog\/wp-content\/uploads\/2021\/02\/Evron-Assises-Nov.-2017-150-1500x630-300x126.jpg 300w, https:\/\/www.associationdemarie.org\/blog\/wp-content\/uploads\/2021\/02\/Evron-Assises-Nov.-2017-150-1500x630-768x323.jpg 768w, https:\/\/www.associationdemarie.org\/blog\/wp-content\/uploads\/2021\/02\/Evron-Assises-Nov.-2017-150-1500x630-1024x430.jpg 1024w\" sizes=\"auto, (max-width: 455px) 100vw, 455px\" \/><\/p>\n<p>Il peut arriver, (\u2026) qu\u2019on \u00ab excommunie \u00bb soi-m\u00eame ses fr\u00e8res. Comment cela ? En manquant \u00e0 la charit\u00e9 ; en excluant quelqu\u2019un, sinon de son c\u0153ur, du moins du rayonnement de sa charit\u00e9 effective. On peut encore \u00ab excommunier \u00bb quelqu\u2019un du c\u0153ur des autres en suscitant la m\u00e9fiance entre les personnes. C\u2019est l\u00e0 un p\u00e9ch\u00e9 trop contraire \u00e0 l\u2019esprit chr\u00e9tien, pour que nous ne nous mettions pas sp\u00e9cialement en garde contre lui et que nous n\u2019agissions pas en la mati\u00e8re avec la plus grande d\u00e9licatesse.<\/p>\n<p>La soci\u00e9t\u00e9 c\u00e9nobitique est une, le ciment qui r\u00e9unit entre eux ses diff\u00e9rents membres est la charit\u00e9. Si celle-ci vient \u00e0 diminuer, la vie divine tend aussit\u00f4t \u00e0 baisser dans le corps social. Quel est, en effet, le signe distinctif auquel on reconna\u00eet infailliblement, les membres de la soci\u00e9t\u00e9 chr\u00e9tienne, signe donn\u00e9 par le Christ lui-m\u00eame ? C\u2019est l\u2019amour mutuel (cf. Jn 13,35). Il en va de m\u00eame pour la soci\u00e9t\u00e9 monastique, et la vraie marque de la protection du Christ J\u00e9sus sur une communaut\u00e9 religieuse est la charit\u00e9 qui r\u00e8gne entre ses membres. Malheur \u00e0 ceux qui entament, de quelque fa\u00e7on que ce soit, cet esprit de charit\u00e9 ! En d\u00e9chirant la robe de l\u2019\u00c9pouse, ils arrachent de leur propre \u00e2me le signe chr\u00e9tien par excellence.<\/p>\n<p>Le Christ est un ; il nous dit que ce que nous faisons au moindre de nos fr\u00e8res \u2012 de ses fr\u00e8res \u2012, en bien ou en mal, c\u2019est \u00e0 lui-m\u00eame que nous le faisons (cf. Mt 25,40.45).<\/p>\n<h3 class=\"GospelCommentaryAuthor-name commentary-author font-2\">Bienheureux Columba Marmion (1858-1923)<\/h3>\n<p>&nbsp;<\/p>\n<p>&nbsp;<\/p>\n","protected":false},"excerpt":{"rendered":"<p>Il peut arriver, (\u2026) qu\u2019on \u00ab excommunie \u00bb soi-m\u00eame ses fr\u00e8res. Comment cela ? En manquant \u00e0 la charit\u00e9 ; en excluant quelqu\u2019un, sinon de son c\u0153ur, du moins du rayonnement de sa charit\u00e9 effective. On peut encore \u00ab excommunier \u00bb quelqu\u2019un du c\u0153ur des autres en suscitant la m\u00e9fiance entre les personnes. C\u2019est l\u00e0 [&hellip;]<\/p>\n","protected":false},"author":2,"featured_media":0,"comment_status":"closed","ping_status":"closed","sticky":false,"template":"","format":"standard","meta":{"footnotes":""},"categories":[13,1261],"tags":[1464,203,336],"class_list":["post-19806","post","type-post","status-publish","format-standard","hentry","category-ecritures","category-enseignement-2","tag-bienheureux-columba-marmion","tag-charite","tag-eglise"],"_links":{"self":[{"href":"https:\/\/www.associationdemarie.org\/blog\/wp-json\/wp\/v2\/posts\/19806","targetHints":{"allow":["GET"]}}],"collection":[{"href":"https:\/\/www.associationdemarie.org\/blog\/wp-json\/wp\/v2\/posts"}],"about":[{"href":"https:\/\/www.associationdemarie.org\/blog\/wp-json\/wp\/v2\/types\/post"}],"author":[{"embeddable":true,"href":"https:\/\/www.associationdemarie.org\/blog\/wp-json\/wp\/v2\/users\/2"}],"replies":[{"embeddable":true,"href":"https:\/\/www.associationdemarie.org\/blog\/wp-json\/wp\/v2\/comments?post=19806"}],"version-history":[{"count":1,"href":"https:\/\/www.associationdemarie.org\/blog\/wp-json\/wp\/v2\/posts\/19806\/revisions"}],"predecessor-version":[{"id":19808,"href":"https:\/\/www.associationdemarie.org\/blog\/wp-json\/wp\/v2\/posts\/19806\/revisions\/19808"}],"wp:attachment":[{"href":"https:\/\/www.associationdemarie.org\/blog\/wp-json\/wp\/v2\/media?parent=19806"}],"wp:term":[{"taxonomy":"category","embeddable":true,"href":"https:\/\/www.associationdemarie.org\/blog\/wp-json\/wp\/v2\/categories?post=19806"},{"taxonomy":"post_tag","embeddable":true,"href":"https:\/\/www.associationdemarie.org\/blog\/wp-json\/wp\/v2\/tags?post=19806"}],"curies":[{"name":"wp","href":"https:\/\/api.w.org\/{rel}","templated":true}]}}