{"id":19801,"date":"2021-02-25T01:37:42","date_gmt":"2021-02-25T00:37:42","guid":{"rendered":"http:\/\/www.associationdemarie.org\/blog\/?p=19801"},"modified":"2021-02-04T18:42:38","modified_gmt":"2021-02-04T17:42:38","slug":"frappe-a-la-porte-de-mon-fils-par-un-saint-desir","status":"publish","type":"post","link":"https:\/\/www.associationdemarie.org\/blog\/frappe-a-la-porte-de-mon-fils-par-un-saint-desir\/","title":{"rendered":"Frappe \u00e0 la porte de mon Fils par un saint d\u00e9sir !"},"content":{"rendered":"<p><img loading=\"lazy\" decoding=\"async\" class=\"aligncenter wp-image-19802\" src=\"https:\/\/www.associationdemarie.org\/blog\/wp-content\/uploads\/2021\/02\/maxresdefault.jpg\" alt=\"\" width=\"471\" height=\"265\" srcset=\"https:\/\/www.associationdemarie.org\/blog\/wp-content\/uploads\/2021\/02\/maxresdefault.jpg 1280w, https:\/\/www.associationdemarie.org\/blog\/wp-content\/uploads\/2021\/02\/maxresdefault-300x169.jpg 300w, https:\/\/www.associationdemarie.org\/blog\/wp-content\/uploads\/2021\/02\/maxresdefault-768x432.jpg 768w, https:\/\/www.associationdemarie.org\/blog\/wp-content\/uploads\/2021\/02\/maxresdefault-1024x576.jpg 1024w\" sizes=\"auto, (max-width: 471px) 100vw, 471px\" \/><\/p>\n<p>[Sainte Catherine a entendu Dieu lui dire :] Crois-le bien, je ne m\u00e9prise pas le d\u00e9sir de mes serviteurs. Je donne \u00e0 quiconque me demande, et je vous invite tous \u00e0 demander. C&rsquo;est me d\u00e9plaire vivement que de ne pas frapper, en v\u00e9rit\u00e9, \u00e0 la porte de la Sagesse de mon Fils unique, en suivant sa doctrine.<\/p>\n<p>Car suivre sa doctrine c&rsquo;est comme frapper \u00e0 la porte, en criant vers moi le P\u00e8re \u00e9ternel par la voix du saint d\u00e9sir, par d&rsquo;humbles et continuelles pri\u00e8res. Et c&rsquo;est moi le P\u00e8re, qui vous donne le pain de la gr\u00e2ce par la porte de la douce V\u00e9rit\u00e9. Parfois, pour \u00e9prouver vos d\u00e9sirs et votre pers\u00e9v\u00e9rance, je fais semblant de ne pas vous entendre, mais je vous entends bien, et j&rsquo;accorde \u00e0 votre esprit ce dont il a besoin. C&rsquo;est moi qui vous donne la faim et la soif avec laquelle vous criez vers moi, et je ne veux qu&rsquo;\u00e9prouver votre constance, pour combler vos d\u00e9sirs, lorsqu&rsquo;ils sont bien ordonn\u00e9s et dirig\u00e9s vers Moi. C&rsquo;est \u00e0 crier de la sorte que vous invite ma V\u00e9rit\u00e9, quand elle dit : \u00ab Appelez et l&rsquo;on vous r\u00e9pondra, frappez et il vous sera ouvert, demandez et l&rsquo;on vous donnera \u00bb (cf. Mt 7,7 ; Lc 11,9).<\/p>\n<p>Et Moi aussi je te dis : Je ne veux pas que tu laisses faiblir ton d\u00e9sir ni que tu cesses d&rsquo;implorer mon secours ! N&rsquo;abaisse pas ta voix ! Crie, crie vers moi pour que je fasse mis\u00e9ricorde au monde ! Frappe sans interruption \u00e0 la porte de ma V\u00e9rit\u00e9, mon Fils, en suivant ses traces.<\/p>\n<h3 class=\"GospelCommentaryAuthor-name commentary-author font-2\">Sainte Catherine de Sienne (1347-1380)<\/h3>\n<p>&nbsp;<\/p>\n<p>&nbsp;<\/p>\n","protected":false},"excerpt":{"rendered":"<p>[Sainte Catherine a entendu Dieu lui dire :] Crois-le bien, je ne m\u00e9prise pas le d\u00e9sir de mes serviteurs. Je donne \u00e0 quiconque me demande, et je vous invite tous \u00e0 demander. C&rsquo;est me d\u00e9plaire vivement que de ne pas frapper, en v\u00e9rit\u00e9, \u00e0 la porte de la Sagesse de mon Fils unique, en suivant [&hellip;]<\/p>\n","protected":false},"author":2,"featured_media":0,"comment_status":"closed","ping_status":"closed","sticky":false,"template":"","format":"standard","meta":{"footnotes":""},"categories":[26,27],"tags":[297,830,1089],"class_list":["post-19801","post","type-post","status-publish","format-standard","hentry","category-priere-des-ames","category-prieres","tag-dieu-le-pere","tag-priere","tag-ste-catherine-de-sienne"],"_links":{"self":[{"href":"https:\/\/www.associationdemarie.org\/blog\/wp-json\/wp\/v2\/posts\/19801","targetHints":{"allow":["GET"]}}],"collection":[{"href":"https:\/\/www.associationdemarie.org\/blog\/wp-json\/wp\/v2\/posts"}],"about":[{"href":"https:\/\/www.associationdemarie.org\/blog\/wp-json\/wp\/v2\/types\/post"}],"author":[{"embeddable":true,"href":"https:\/\/www.associationdemarie.org\/blog\/wp-json\/wp\/v2\/users\/2"}],"replies":[{"embeddable":true,"href":"https:\/\/www.associationdemarie.org\/blog\/wp-json\/wp\/v2\/comments?post=19801"}],"version-history":[{"count":3,"href":"https:\/\/www.associationdemarie.org\/blog\/wp-json\/wp\/v2\/posts\/19801\/revisions"}],"predecessor-version":[{"id":19805,"href":"https:\/\/www.associationdemarie.org\/blog\/wp-json\/wp\/v2\/posts\/19801\/revisions\/19805"}],"wp:attachment":[{"href":"https:\/\/www.associationdemarie.org\/blog\/wp-json\/wp\/v2\/media?parent=19801"}],"wp:term":[{"taxonomy":"category","embeddable":true,"href":"https:\/\/www.associationdemarie.org\/blog\/wp-json\/wp\/v2\/categories?post=19801"},{"taxonomy":"post_tag","embeddable":true,"href":"https:\/\/www.associationdemarie.org\/blog\/wp-json\/wp\/v2\/tags?post=19801"}],"curies":[{"name":"wp","href":"https:\/\/api.w.org\/{rel}","templated":true}]}}