{"id":19772,"date":"2021-02-17T01:36:17","date_gmt":"2021-02-17T00:36:17","guid":{"rendered":"http:\/\/www.associationdemarie.org\/blog\/?p=19772"},"modified":"2021-02-17T09:43:21","modified_gmt":"2021-02-17T08:43:21","slug":"le-mercredi-des-cendres-5","status":"publish","type":"post","link":"https:\/\/www.associationdemarie.org\/blog\/le-mercredi-des-cendres-5\/","title":{"rendered":"Le mercredi des Cendres"},"content":{"rendered":"<p><img loading=\"lazy\" decoding=\"async\" class=\"aligncenter wp-image-19773\" src=\"https:\/\/www.associationdemarie.org\/blog\/wp-content\/uploads\/2021\/01\/Unknown-2.jpeg\" alt=\"\" width=\"471\" height=\"313\" \/><\/p>\n<p>\u00ab Voici maintenant le jour du salut ! \u00bb Sans doute, il n&rsquo;est pas de saison qui ne soit pleine des dons divins, et la gr\u00e2ce de Dieu nous m\u00e9nage en tout temps l&rsquo;acc\u00e8s \u00e0 sa mis\u00e9ricorde ; c&rsquo;est maintenant cependant que tous les c\u0153urs doivent \u00eatre stimul\u00e9s avec plus d&rsquo;ardeur \u00e0 leur avancement spirituel et anim\u00e9s d&rsquo;une plus large confiance, alors que le jour o\u00f9 nous avons \u00e9t\u00e9 rachet\u00e9s nous invite par son retour \u00e0 toutes les \u0153uvres de la pi\u00e9t\u00e9. Ainsi c\u00e9l\u00e9brerons-nous, le corps et l&rsquo;\u00e2me purifi\u00e9s, le myst\u00e8re qui l&#8217;emporte sur tous les autres : le sacrement de la P\u00e2que du Seigneur.<\/p>\n<p>De tels myst\u00e8res exigeraient un effort spirituel sans d\u00e9faillance (&#8230;), en sorte que nous demeurions toujours sous le regard de Dieu, tels que devrait nous trouver la f\u00eate de P\u00e2ques. Mais cette force spirituelle n&rsquo;est le fait que d&rsquo;un petit nombre d&rsquo;hommes ; pour nous au milieu des activit\u00e9s de cette vie, par la faiblesse de la chair, le z\u00e8le se d\u00e9tend. (&#8230;) Pour rendre la puret\u00e9 \u00e0 nos \u00e2mes, le Seigneur a donc pr\u00e9vu le rem\u00e8de d&rsquo;un entra\u00eenement de quarante jours, au cours desquels les fautes des autres temps puissent \u00eatre rachet\u00e9es par les bonnes \u0153uvres et consum\u00e9es par les saints je\u00fbnes. (&#8230;) Prenons donc soin d&rsquo;ob\u00e9ir au commandement de l&rsquo;ap\u00f4tre Paul : \u00ab Purifiez-vous de toute souillure de la chair et de l&rsquo;esprit \u00bb (2Co 7,1). (&#8230;)<\/p>\n<p>Mais que notre mani\u00e8re de vivre soit en accord avec notre abstinence. Le tout du je\u00fbne n&rsquo;est pas dans la seule abstention de nourriture ; il n&rsquo;y a aucun profit \u00e0 soustraire les aliments au corps si le c\u0153ur ne se d\u00e9tourne pas de l&rsquo;injustice, si la langue ne s&rsquo;abstient pas de la calomnie. (&#8230;) Ce temps, c&rsquo;est celui de la douceur, de la patience, de la paix (&#8230;). Qu&rsquo;aujourd&rsquo;hui l&rsquo;\u00e2me forte s&rsquo;habitue \u00e0 pardonner les injustices, \u00e0 compter pour rien les affronts, \u00e0 oublier les injures. (&#8230;) Que la retenue des \u00e2mes religieuses ne soit pas triste, mais sainte ; qu&rsquo;on n&rsquo;entende pas parmi elles le murmure des plaintes, elles \u00e0 qui ne manquent jamais les consolations des joies saintes.<\/p>\n<h3 class=\"GospelCommentaryAuthor-name commentary-author font-2\">Saint L\u00e9on le Grand (?-v. 461)<\/h3>\n<p>&nbsp;<\/p>\n<p><img loading=\"lazy\" decoding=\"async\" class=\"aligncenter  wp-image-19869\" src=\"https:\/\/www.associationdemarie.org\/blog\/wp-content\/uploads\/2021\/02\/Careme-1-Cendres.png\" alt=\"\" width=\"453\" height=\"272\" srcset=\"https:\/\/www.associationdemarie.org\/blog\/wp-content\/uploads\/2021\/02\/Careme-1-Cendres.png 1954w, https:\/\/www.associationdemarie.org\/blog\/wp-content\/uploads\/2021\/02\/Careme-1-Cendres-300x181.png 300w, https:\/\/www.associationdemarie.org\/blog\/wp-content\/uploads\/2021\/02\/Careme-1-Cendres-768x462.png 768w, https:\/\/www.associationdemarie.org\/blog\/wp-content\/uploads\/2021\/02\/Careme-1-Cendres-1024x616.png 1024w\" sizes=\"auto, (max-width: 453px) 100vw, 453px\" \/><\/p>\n<p>&nbsp;<\/p>\n","protected":false},"excerpt":{"rendered":"<p>\u00ab Voici maintenant le jour du salut ! \u00bb Sans doute, il n&rsquo;est pas de saison qui ne soit pleine des dons divins, et la gr\u00e2ce de Dieu nous m\u00e9nage en tout temps l&rsquo;acc\u00e8s \u00e0 sa mis\u00e9ricorde ; c&rsquo;est maintenant cependant que tous les c\u0153urs doivent \u00eatre stimul\u00e9s avec plus d&rsquo;ardeur \u00e0 leur avancement spirituel [&hellip;]<\/p>\n","protected":false},"author":2,"featured_media":0,"comment_status":"closed","ping_status":"closed","sticky":false,"template":"","format":"standard","meta":{"footnotes":""},"categories":[3,1578,19],"tags":[65,184,190,540,640,1053],"class_list":["post-19772","post","type-post","status-publish","format-standard","hentry","category-liturgique","category-careme-2021","category-messages","tag-amour-et-paix","tag-careme","tag-cendres","tag-jeune","tag-marie-mere-des-hommes","tag-st-leon-le-grand"],"_links":{"self":[{"href":"https:\/\/www.associationdemarie.org\/blog\/wp-json\/wp\/v2\/posts\/19772","targetHints":{"allow":["GET"]}}],"collection":[{"href":"https:\/\/www.associationdemarie.org\/blog\/wp-json\/wp\/v2\/posts"}],"about":[{"href":"https:\/\/www.associationdemarie.org\/blog\/wp-json\/wp\/v2\/types\/post"}],"author":[{"embeddable":true,"href":"https:\/\/www.associationdemarie.org\/blog\/wp-json\/wp\/v2\/users\/2"}],"replies":[{"embeddable":true,"href":"https:\/\/www.associationdemarie.org\/blog\/wp-json\/wp\/v2\/comments?post=19772"}],"version-history":[{"count":3,"href":"https:\/\/www.associationdemarie.org\/blog\/wp-json\/wp\/v2\/posts\/19772\/revisions"}],"predecessor-version":[{"id":19871,"href":"https:\/\/www.associationdemarie.org\/blog\/wp-json\/wp\/v2\/posts\/19772\/revisions\/19871"}],"wp:attachment":[{"href":"https:\/\/www.associationdemarie.org\/blog\/wp-json\/wp\/v2\/media?parent=19772"}],"wp:term":[{"taxonomy":"category","embeddable":true,"href":"https:\/\/www.associationdemarie.org\/blog\/wp-json\/wp\/v2\/categories?post=19772"},{"taxonomy":"post_tag","embeddable":true,"href":"https:\/\/www.associationdemarie.org\/blog\/wp-json\/wp\/v2\/tags?post=19772"}],"curies":[{"name":"wp","href":"https:\/\/api.w.org\/{rel}","templated":true}]}}