{"id":19764,"date":"2021-02-15T01:24:55","date_gmt":"2021-02-15T00:24:55","guid":{"rendered":"http:\/\/www.associationdemarie.org\/blog\/?p=19764"},"modified":"2021-01-25T09:26:58","modified_gmt":"2021-01-25T08:26:58","slug":"pourquoi-cette-generation-demande-t-elle-un-signe-4","status":"publish","type":"post","link":"https:\/\/www.associationdemarie.org\/blog\/pourquoi-cette-generation-demande-t-elle-un-signe-4\/","title":{"rendered":"\u00ab Pourquoi cette g\u00e9n\u00e9ration demande-t-elle un signe ? \u00bb"},"content":{"rendered":"<p><img loading=\"lazy\" decoding=\"async\" class=\"aligncenter  wp-image-19765\" src=\"https:\/\/www.associationdemarie.org\/blog\/wp-content\/uploads\/2021\/01\/20200217-01.png\" alt=\"\" width=\"327\" height=\"184\" srcset=\"https:\/\/www.associationdemarie.org\/blog\/wp-content\/uploads\/2021\/01\/20200217-01.png 600w, https:\/\/www.associationdemarie.org\/blog\/wp-content\/uploads\/2021\/01\/20200217-01-300x169.png 300w\" sizes=\"auto, (max-width: 327px) 100vw, 327px\" \/><\/p>\n<p>Le plus bel acte de foi est celui qui jaillit sur tes l\u00e8vres en pleine obscurit\u00e9, parmi les sacrifices, les souffrances, le supr\u00eame effort d&rsquo;une ferme volont\u00e9 de faire le bien. Comme la foudre, cet acte de foi d\u00e9chire les t\u00e9n\u00e8bres de ton \u00e2me ; au milieu des \u00e9clairs de l&rsquo;orage, il t&rsquo;\u00e9l\u00e8ve et te conduit \u00e0 Dieu.<\/p>\n<p>La foi vive, la certitude in\u00e9branlable et l&rsquo;adh\u00e9sion inconditionnelle \u00e0 la volont\u00e9 du Seigneur, voil\u00e0 la lumi\u00e8re qui \u00e9claire les pas du peuple de Dieu au d\u00e9sert. C&rsquo;est cette m\u00eame lumi\u00e8re qui resplendit \u00e0 chaque instant en tout esprit agr\u00e9able au P\u00e8re. C&rsquo;est cette lumi\u00e8re aussi qui a conduit les mages et leur a fait adorer le Messie nouveau-n\u00e9. C&rsquo;est l&rsquo;\u00e9toile proph\u00e9tis\u00e9e par Balaam (Nb 24,17), le flambeau qui guide les pas de tout homme qui cherche Dieu.<\/p>\n<p>Or cette lumi\u00e8re, cette \u00e9toile, ce flambeau, sont \u00e9galement ce qui illumine ton \u00e2me, ce qui dirige tes pas pour t&#8217;emp\u00eacher de chanceler, ce qui fortifie ton esprit dans l&rsquo;amour de Dieu. Tu ne le vois pas, tu ne le comprends pas, mais ce n&rsquo;est pas n\u00e9cessaire. Tu ne verras que t\u00e9n\u00e8bres, certes non pas celles des fils de perdition, mais bien plut\u00f4t celles qui entourent le Soleil \u00e9ternel. Tiens pour assur\u00e9 que ce Soleil resplendit dans ton \u00e2me ; le proph\u00e8te du Seigneur a chant\u00e9 \u00e0 son sujet : \u00ab \u00c0 ta lumi\u00e8re je verrai la lumi\u00e8re \u00bb (Ps 35,10).<\/p>\n<h3 class=\"GospelCommentaryAuthor-name commentary-author font-2\">Saint [Padre] Pio de Pietrelcina (1887-1968)<\/h3>\n<p>&nbsp;<\/p>\n<p>&nbsp;<\/p>\n<p>&nbsp;<\/p>\n","protected":false},"excerpt":{"rendered":"<p>Le plus bel acte de foi est celui qui jaillit sur tes l\u00e8vres en pleine obscurit\u00e9, parmi les sacrifices, les souffrances, le supr\u00eame effort d&rsquo;une ferme volont\u00e9 de faire le bien. Comme la foudre, cet acte de foi d\u00e9chire les t\u00e9n\u00e8bres de ton \u00e2me ; au milieu des \u00e9clairs de l&rsquo;orage, il t&rsquo;\u00e9l\u00e8ve et te [&hellip;]<\/p>\n","protected":false},"author":2,"featured_media":0,"comment_status":"closed","ping_status":"closed","sticky":false,"template":"","format":"standard","meta":{"footnotes":""},"categories":[13,1261],"tags":[425,545,600,981,1067],"class_list":["post-19764","post","type-post","status-publish","format-standard","hentry","category-ecritures","category-enseignement-2","tag-foi","tag-jonas","tag-lumiere","tag-signe","tag-st-padre-pio"],"_links":{"self":[{"href":"https:\/\/www.associationdemarie.org\/blog\/wp-json\/wp\/v2\/posts\/19764","targetHints":{"allow":["GET"]}}],"collection":[{"href":"https:\/\/www.associationdemarie.org\/blog\/wp-json\/wp\/v2\/posts"}],"about":[{"href":"https:\/\/www.associationdemarie.org\/blog\/wp-json\/wp\/v2\/types\/post"}],"author":[{"embeddable":true,"href":"https:\/\/www.associationdemarie.org\/blog\/wp-json\/wp\/v2\/users\/2"}],"replies":[{"embeddable":true,"href":"https:\/\/www.associationdemarie.org\/blog\/wp-json\/wp\/v2\/comments?post=19764"}],"version-history":[{"count":1,"href":"https:\/\/www.associationdemarie.org\/blog\/wp-json\/wp\/v2\/posts\/19764\/revisions"}],"predecessor-version":[{"id":19766,"href":"https:\/\/www.associationdemarie.org\/blog\/wp-json\/wp\/v2\/posts\/19764\/revisions\/19766"}],"wp:attachment":[{"href":"https:\/\/www.associationdemarie.org\/blog\/wp-json\/wp\/v2\/media?parent=19764"}],"wp:term":[{"taxonomy":"category","embeddable":true,"href":"https:\/\/www.associationdemarie.org\/blog\/wp-json\/wp\/v2\/categories?post=19764"},{"taxonomy":"post_tag","embeddable":true,"href":"https:\/\/www.associationdemarie.org\/blog\/wp-json\/wp\/v2\/tags?post=19764"}],"curies":[{"name":"wp","href":"https:\/\/api.w.org\/{rel}","templated":true}]}}