{"id":19761,"date":"2021-02-14T01:34:01","date_gmt":"2021-02-14T00:34:01","guid":{"rendered":"http:\/\/www.associationdemarie.org\/blog\/?p=19761"},"modified":"2021-01-24T09:35:49","modified_gmt":"2021-01-24T08:35:49","slug":"une-fois-parti-cet-homme-se-mit-a-proclamer-et-a-repandre-la-nouvelle","status":"publish","type":"post","link":"https:\/\/www.associationdemarie.org\/blog\/une-fois-parti-cet-homme-se-mit-a-proclamer-et-a-repandre-la-nouvelle\/","title":{"rendered":"\u00ab Une fois parti, cet homme se mit \u00e0 proclamer et \u00e0 r\u00e9pandre la nouvelle. \u00bb"},"content":{"rendered":"<p><img loading=\"lazy\" decoding=\"async\" class=\"aligncenter size-full wp-image-19762\" src=\"https:\/\/www.associationdemarie.org\/blog\/wp-content\/uploads\/2021\/01\/articulo-67-blog_imagen.jpg\" alt=\"\" width=\"350\" height=\"248\" srcset=\"https:\/\/www.associationdemarie.org\/blog\/wp-content\/uploads\/2021\/01\/articulo-67-blog_imagen.jpg 350w, https:\/\/www.associationdemarie.org\/blog\/wp-content\/uploads\/2021\/01\/articulo-67-blog_imagen-300x213.jpg 300w\" sizes=\"auto, (max-width: 350px) 100vw, 350px\" \/><\/p>\n<p>J&rsquo;ai lev\u00e9 les bras au ciel, vers la gr\u00e2ce du Seigneur.<br \/>\nIl a jet\u00e9 mes cha\u00eenes loin de moi.<br \/>\nMon protecteur m&rsquo;a \u00e9lev\u00e9 selon sa gr\u00e2ce et son salut.<br \/>\nJ&rsquo;ai d\u00e9pouill\u00e9 l&rsquo;obscurit\u00e9 et j&rsquo;ai rev\u00eatu la lumi\u00e8re ;<br \/>\nmes membres n&rsquo;\u00e9prouvent plus ni peine, ni angoisse, ni douleur.<br \/>\nLa pens\u00e9e du Seigneur m&rsquo;a secouru ;<br \/>\nsa lumi\u00e8re m&rsquo;a exalt\u00e9 ;<br \/>\nj&rsquo;ai march\u00e9 en sa pr\u00e9sence ;<br \/>\nje m&rsquo;approcherai de lui en le louant et le glorifiant.<br \/>\nMon c\u0153ur a d\u00e9bord\u00e9, il a envahi ma bouche,<br \/>\nil a jailli sur mes l\u00e8vres.<br \/>\nLa joie du Seigneur et sa louange \u00e9panouissent mon visage.<br \/>\nAll\u00e9luia !<\/p>\n<p>Je me suis \u00e9chapp\u00e9 de mes cha\u00eenes et j&rsquo;ai fui vers toi, \u00f4 mon Dieu !<br \/>\nTu as \u00e9t\u00e9 ma droite, mon salut et mon aide.<br \/>\nTu as contenu ceux qui se dressaient contre moi et ils ont disparu.<br \/>\nTon visage \u00e9tait avec moi et ta gr\u00e2ce me sauvait.<br \/>\nJ&rsquo;\u00e9tais m\u00e9pris\u00e9 et r\u00e9prouv\u00e9 aux yeux de la multitude.<br \/>\nMais tu m&rsquo;as donn\u00e9 force et secours.<br \/>\nTu as plac\u00e9 la lumi\u00e8re \u00e0 ma droite et \u00e0 ma gauche.<br \/>\nQue tout en moi ne soit que lumi\u00e8re !<br \/>\nJ&rsquo;ai rev\u00eatu le v\u00eatement de ton Esprit,<br \/>\net tu as \u00f4t\u00e9 de moi les v\u00eatements de peau (Gn 3,21).<br \/>\nTa droite m&rsquo;a \u00e9lev\u00e9 et a chass\u00e9 loin de moi la maladie.<br \/>\nTa v\u00e9rit\u00e9 m&rsquo;a rendu robuste et ta justice m&rsquo;a sanctifi\u00e9.<br \/>\nJ&rsquo;ai \u00e9t\u00e9 justifi\u00e9 par ton amour si doux,<br \/>\net ton repos est pour moi dans les si\u00e8cles des si\u00e8cles.<br \/>\nAlleluia !<\/p>\n<h3 class=\"GospelCommentaryAuthor-name commentary-author font-2\">Odes de Salomon (texte chr\u00e9tien h\u00e9bra\u00efque du d\u00e9but du 2e si\u00e8cle)<\/h3>\n<p>&nbsp;<\/p>\n<p>&nbsp;<\/p>\n","protected":false},"excerpt":{"rendered":"<p>J&rsquo;ai lev\u00e9 les bras au ciel, vers la gr\u00e2ce du Seigneur. Il a jet\u00e9 mes cha\u00eenes loin de moi. Mon protecteur m&rsquo;a \u00e9lev\u00e9 selon sa gr\u00e2ce et son salut. J&rsquo;ai d\u00e9pouill\u00e9 l&rsquo;obscurit\u00e9 et j&rsquo;ai rev\u00eatu la lumi\u00e8re ; mes membres n&rsquo;\u00e9prouvent plus ni peine, ni angoisse, ni douleur. La pens\u00e9e du Seigneur m&rsquo;a secouru ; [&hellip;]<\/p>\n","protected":false},"author":2,"featured_media":0,"comment_status":"closed","ping_status":"closed","sticky":false,"template":"","format":"standard","meta":{"footnotes":""},"categories":[13,1261],"tags":[465,1400,948],"class_list":["post-19761","post","type-post","status-publish","format-standard","hentry","category-ecritures","category-enseignement-2","tag-guerison","tag-ode","tag-salomon"],"_links":{"self":[{"href":"https:\/\/www.associationdemarie.org\/blog\/wp-json\/wp\/v2\/posts\/19761","targetHints":{"allow":["GET"]}}],"collection":[{"href":"https:\/\/www.associationdemarie.org\/blog\/wp-json\/wp\/v2\/posts"}],"about":[{"href":"https:\/\/www.associationdemarie.org\/blog\/wp-json\/wp\/v2\/types\/post"}],"author":[{"embeddable":true,"href":"https:\/\/www.associationdemarie.org\/blog\/wp-json\/wp\/v2\/users\/2"}],"replies":[{"embeddable":true,"href":"https:\/\/www.associationdemarie.org\/blog\/wp-json\/wp\/v2\/comments?post=19761"}],"version-history":[{"count":1,"href":"https:\/\/www.associationdemarie.org\/blog\/wp-json\/wp\/v2\/posts\/19761\/revisions"}],"predecessor-version":[{"id":19763,"href":"https:\/\/www.associationdemarie.org\/blog\/wp-json\/wp\/v2\/posts\/19761\/revisions\/19763"}],"wp:attachment":[{"href":"https:\/\/www.associationdemarie.org\/blog\/wp-json\/wp\/v2\/media?parent=19761"}],"wp:term":[{"taxonomy":"category","embeddable":true,"href":"https:\/\/www.associationdemarie.org\/blog\/wp-json\/wp\/v2\/categories?post=19761"},{"taxonomy":"post_tag","embeddable":true,"href":"https:\/\/www.associationdemarie.org\/blog\/wp-json\/wp\/v2\/tags?post=19761"}],"curies":[{"name":"wp","href":"https:\/\/api.w.org\/{rel}","templated":true}]}}