{"id":19755,"date":"2021-02-13T01:37:14","date_gmt":"2021-02-13T00:37:14","guid":{"rendered":"http:\/\/www.associationdemarie.org\/blog\/?p=19755"},"modified":"2021-01-23T08:50:46","modified_gmt":"2021-01-23T07:50:46","slug":"il-en-institua-douze-pour-quils-soient-avec-lui","status":"publish","type":"post","link":"https:\/\/www.associationdemarie.org\/blog\/il-en-institua-douze-pour-quils-soient-avec-lui\/","title":{"rendered":"\u00ab J&rsquo;ai compassion de cette foule&#8230; \u00bb"},"content":{"rendered":"<p><img loading=\"lazy\" decoding=\"async\" class=\"aligncenter  wp-image-19759\" src=\"https:\/\/www.associationdemarie.org\/blog\/wp-content\/uploads\/2021\/02\/125380490.png\" alt=\"\" width=\"341\" height=\"343\" srcset=\"https:\/\/www.associationdemarie.org\/blog\/wp-content\/uploads\/2021\/02\/125380490.png 370w, https:\/\/www.associationdemarie.org\/blog\/wp-content\/uploads\/2021\/02\/125380490-150x150.png 150w, https:\/\/www.associationdemarie.org\/blog\/wp-content\/uploads\/2021\/02\/125380490-298x300.png 298w\" sizes=\"auto, (max-width: 341px) 100vw, 341px\" \/><\/p>\n<p>Le r\u00e9cit de ce miracle nous donne lieu de constater les op\u00e9rations distinctes de la divinit\u00e9 et de l\u2019humanit\u00e9 dans la seule et m\u00eame personne de notre R\u00e9dempteur, et par cons\u00e9quent, de rejeter bien loin du symbole des chr\u00e9tiens et du sein m\u00eame du christianisme, l\u2019erreur d\u2019Eutych\u00e8s, qui osait avancer qu\u2019il n\u2019y avait en J\u00e9sus-Christ qu\u2019une seule op\u00e9ration. Qui ne voit en effet que le sentiment de piti\u00e9 que Notre-Seigneur \u00e9prouve pour cette multitude, est un sentiment de compassion propre \u00e0 la nature humaine ? Mais qui ne voit en m\u00eame temps que rassasier quatre mille hommes avec sept pains et quelques poissons, est une \u0153uvre de la puissance divine ?<\/p>\n<p>\u00ab Et de ce qui restaient de morceaux, ils remport\u00e8rent sept corbeilles. \u00bb Cette multitude qui vient de manger et de se rassasier n\u2019emporte pas avec elles les restes des pains, mais elle les laisse recueillir par les disciples dans des corbeilles, comme pr\u00e9c\u00e9demment, et cette circonstance expliqu\u00e9e dans le sens litt\u00e9ral, nous apprend \u00e0 \u00eatre contents du n\u00e9cessaire, et \u00e0 ne jamais rechercher rien au-del\u00e0. L\u2019\u00c9vang\u00e9liste nous fait ensuite conna\u00eetre le nombre de ceux qui ont \u00e9t\u00e9 rassasi\u00e9s : \u00ab Or ceux qui mangeaient \u00e9taient environ quatre mille, et il les renvoya. \u00bb Consid\u00e9rons ici que Notre-Seigneur J\u00e9sus-Christ ne veut renvoyer personne \u00e0 jeun, car il veut au contraire donner \u00e0 tous les hommes la nourriture de sa gr\u00e2ce.<\/p>\n<p>Dans le sens figur\u00e9, il y a cette diff\u00e9rence entre ce second miracle et la premi\u00e8re multiplication des cinq pains et des deux poissons, que la premi\u00e8re figure la lettre de l\u2019Ancien Testament qui \u00e9tait comme pleine de la gr\u00e2ce spirituelle du nouveau, tandis que la seconde repr\u00e9sentait la v\u00e9rit\u00e9 et la gr\u00e2ce du Nouveau Testament abondamment communiqu\u00e9es aux fid\u00e8les. La multitude qui, au t\u00e9moignage de saint Matthieu, attend trois jours la gu\u00e9rison de ses malades (Mt 15) repr\u00e9sente les \u00e9lus dans la foi de la sainte Trinit\u00e9 qui implorent le pardon de leurs p\u00e9ch\u00e9s par une pri\u00e8re pers\u00e9v\u00e9rante, ou ceux qui se convertissent au Seigneur par leurs pens\u00e9es, leurs paroles et leurs actions.<\/p>\n<h3 class=\"GospelCommentaryAuthor-name commentary-author font-2\">Saint B\u00e8de le V\u00e9n\u00e9rable (v. 673-735)<\/h3>\n<p>&nbsp;<\/p>\n<p>&nbsp;<\/p>\n<p>&nbsp;<\/p>\n<p>&nbsp;<\/p>\n","protected":false},"excerpt":{"rendered":"<p>Le r\u00e9cit de ce miracle nous donne lieu de constater les op\u00e9rations distinctes de la divinit\u00e9 et de l\u2019humanit\u00e9 dans la seule et m\u00eame personne de notre R\u00e9dempteur, et par cons\u00e9quent, de rejeter bien loin du symbole des chr\u00e9tiens et du sein m\u00eame du christianisme, l\u2019erreur d\u2019Eutych\u00e8s, qui osait avancer qu\u2019il n\u2019y avait en J\u00e9sus-Christ [&hellip;]<\/p>\n","protected":false},"author":2,"featured_media":0,"comment_status":"closed","ping_status":"closed","sticky":false,"template":"","format":"standard","meta":{"footnotes":""},"categories":[3],"tags":[83,1015],"class_list":["post-19755","post","type-post","status-publish","format-standard","hentry","category-liturgique","tag-apotre","tag-st-bede"],"_links":{"self":[{"href":"https:\/\/www.associationdemarie.org\/blog\/wp-json\/wp\/v2\/posts\/19755","targetHints":{"allow":["GET"]}}],"collection":[{"href":"https:\/\/www.associationdemarie.org\/blog\/wp-json\/wp\/v2\/posts"}],"about":[{"href":"https:\/\/www.associationdemarie.org\/blog\/wp-json\/wp\/v2\/types\/post"}],"author":[{"embeddable":true,"href":"https:\/\/www.associationdemarie.org\/blog\/wp-json\/wp\/v2\/users\/2"}],"replies":[{"embeddable":true,"href":"https:\/\/www.associationdemarie.org\/blog\/wp-json\/wp\/v2\/comments?post=19755"}],"version-history":[{"count":3,"href":"https:\/\/www.associationdemarie.org\/blog\/wp-json\/wp\/v2\/posts\/19755\/revisions"}],"predecessor-version":[{"id":19760,"href":"https:\/\/www.associationdemarie.org\/blog\/wp-json\/wp\/v2\/posts\/19755\/revisions\/19760"}],"wp:attachment":[{"href":"https:\/\/www.associationdemarie.org\/blog\/wp-json\/wp\/v2\/media?parent=19755"}],"wp:term":[{"taxonomy":"category","embeddable":true,"href":"https:\/\/www.associationdemarie.org\/blog\/wp-json\/wp\/v2\/categories?post=19755"},{"taxonomy":"post_tag","embeddable":true,"href":"https:\/\/www.associationdemarie.org\/blog\/wp-json\/wp\/v2\/tags?post=19755"}],"curies":[{"name":"wp","href":"https:\/\/api.w.org\/{rel}","templated":true}]}}