{"id":19730,"date":"2021-02-05T01:53:42","date_gmt":"2021-02-05T00:53:42","guid":{"rendered":"http:\/\/www.associationdemarie.org\/blog\/?p=19730"},"modified":"2021-01-15T10:56:44","modified_gmt":"2021-01-15T09:56:44","slug":"jean-baptiste-temoin-de-la-foi-2","status":"publish","type":"post","link":"https:\/\/www.associationdemarie.org\/blog\/jean-baptiste-temoin-de-la-foi-2\/","title":{"rendered":"Jean Baptiste, t\u00e9moin de la foi"},"content":{"rendered":"<p><img loading=\"lazy\" decoding=\"async\" class=\"aligncenter wp-image-19731\" src=\"https:\/\/www.associationdemarie.org\/blog\/wp-content\/uploads\/2021\/01\/La-mission-de-Jean-Baptiste-\u2013-Lhistoires-de-la-Bible-768x480.jpg\" alt=\"\" width=\"384\" height=\"240\" srcset=\"https:\/\/www.associationdemarie.org\/blog\/wp-content\/uploads\/2021\/01\/La-mission-de-Jean-Baptiste-\u2013-Lhistoires-de-la-Bible-768x480.jpg 768w, https:\/\/www.associationdemarie.org\/blog\/wp-content\/uploads\/2021\/01\/La-mission-de-Jean-Baptiste-\u2013-Lhistoires-de-la-Bible-768x480-300x188.jpg 300w\" sizes=\"auto, (max-width: 384px) 100vw, 384px\" \/><\/p>\n<p>Je veux proposer de nouveau \u00e0 tous, afin qu&rsquo;il ne soit jamais oubli\u00e9, le grand signe d&rsquo;esp\u00e9rance constitu\u00e9 par les nombreux t\u00e9moins de la foi chr\u00e9tienne qui ont v\u00e9cu au [vingti\u00e8me] si\u00e8cle, \u00e0 l&rsquo;Est comme \u00e0 l&rsquo;Ouest. Ils ont su vivre l&rsquo;\u00c9vangile dans des situations d&rsquo;hostilit\u00e9 et de pers\u00e9cution, souvent jusqu&rsquo;\u00e0 l&rsquo;\u00e9preuve finale de l&rsquo;effusion du sang.<\/p>\n<p>Ces t\u00e9moins, en particulier ceux qui ont affront\u00e9 l&rsquo;\u00e9preuve du martyre, sont un signe \u00e9loquent et grandiose, qu&rsquo;il nous est demand\u00e9 de contempler et d&rsquo;imiter. Ils attestent \u00e0 nos yeux la vitalit\u00e9 de l&rsquo;\u00c9glise ; ils nous apparaissent comme une lumi\u00e8re pour l&rsquo;\u00c9glise et pour l&rsquo;humanit\u00e9, car ils ont fait resplendir dans les t\u00e9n\u00e8bres la lumi\u00e8re du Christ. Appartenant \u00e0 diverses confessions chr\u00e9tiennes, ils resplendissent de ce fait comme un signe d&rsquo;esp\u00e9rance pour le cheminement \u0153cum\u00e9nique, dans la certitude que leur sang est aussi une s\u00e8ve d&rsquo;unit\u00e9 pour l&rsquo;\u00c9glise.<\/p>\n<p>Plus radicalement encore, ils nous disent que le martyre est l&rsquo;incarnation supr\u00eame de l&rsquo;\u00c9vangile de l&rsquo;esp\u00e9rance. En effet, les martyrs annoncent cet \u00c9vangile et en t\u00e9moignent par leur vie jusqu&rsquo;\u00e0 l&rsquo;effusion du sang, car ils sont certains de ne pas pouvoir vivre sans le Christ et ils sont pr\u00eats \u00e0 mourir pour lui, dans la conviction que J\u00e9sus est le Seigneur et le Sauveur des hommes et qu&rsquo;en lui seulement l&rsquo;homme peut donc trouver la v\u00e9ritable pl\u00e9nitude de la vie. De cette fa\u00e7on, selon l&rsquo;avertissement de l&rsquo;ap\u00f4tre Pierre, ils se montrent \u00ab pr\u00eats \u00e0 rendre compte de l&rsquo;esp\u00e9rance qui est en eux \u00bb (1P 3,15). En outre, les martyrs c\u00e9l\u00e8brent l&rsquo;\u00c9vangile de l&rsquo;esp\u00e9rance car l&rsquo;offrande de leur vie est la manifestation la plus grande et la plus radicale de ce \u00ab sacrifice vivant, saint et accept\u00e9 par Dieu, qui constitue le v\u00e9ritable culte spirituel \u00bb (Rm 12,1), origine, \u00e2me et sommet de toute c\u00e9l\u00e9bration chr\u00e9tienne. Enfin, ils servent l&rsquo;\u00c9vangile de l&rsquo;esp\u00e9rance parce que, par leur martyre, ils expriment au plus haut degr\u00e9 l&rsquo;amour et le service de l&rsquo;homme, en ce qu&rsquo;ils d\u00e9montrent que l&rsquo;ob\u00e9issance \u00e0 la loi \u00e9vang\u00e9lique engendre une vie morale et une convivialit\u00e9 qui honorent et promeuvent la dignit\u00e9 et la libert\u00e9 de chaque personne.<\/p>\n<h3 class=\"GospelCommentaryAuthor-name commentary-author font-2\">Saint Jean-Paul II (1920-2005)<\/h3>\n<p>&nbsp;<\/p>\n<p>&nbsp;<\/p>\n","protected":false},"excerpt":{"rendered":"<p>Je veux proposer de nouveau \u00e0 tous, afin qu&rsquo;il ne soit jamais oubli\u00e9, le grand signe d&rsquo;esp\u00e9rance constitu\u00e9 par les nombreux t\u00e9moins de la foi chr\u00e9tienne qui ont v\u00e9cu au [vingti\u00e8me] si\u00e8cle, \u00e0 l&rsquo;Est comme \u00e0 l&rsquo;Ouest. Ils ont su vivre l&rsquo;\u00c9vangile dans des situations d&rsquo;hostilit\u00e9 et de pers\u00e9cution, souvent jusqu&rsquo;\u00e0 l&rsquo;\u00e9preuve finale de l&rsquo;effusion [&hellip;]<\/p>\n","protected":false},"author":2,"featured_media":0,"comment_status":"closed","ping_status":"closed","sticky":false,"template":"","format":"standard","meta":{"footnotes":""},"categories":[13,1261,28],"tags":[647,1042,1253],"class_list":["post-19730","post","type-post","status-publish","format-standard","hentry","category-ecritures","category-enseignement-2","category-saints-et-saintes","tag-martyr","tag-st-jean-baptiste","tag-st-jean-paul-2"],"_links":{"self":[{"href":"https:\/\/www.associationdemarie.org\/blog\/wp-json\/wp\/v2\/posts\/19730","targetHints":{"allow":["GET"]}}],"collection":[{"href":"https:\/\/www.associationdemarie.org\/blog\/wp-json\/wp\/v2\/posts"}],"about":[{"href":"https:\/\/www.associationdemarie.org\/blog\/wp-json\/wp\/v2\/types\/post"}],"author":[{"embeddable":true,"href":"https:\/\/www.associationdemarie.org\/blog\/wp-json\/wp\/v2\/users\/2"}],"replies":[{"embeddable":true,"href":"https:\/\/www.associationdemarie.org\/blog\/wp-json\/wp\/v2\/comments?post=19730"}],"version-history":[{"count":1,"href":"https:\/\/www.associationdemarie.org\/blog\/wp-json\/wp\/v2\/posts\/19730\/revisions"}],"predecessor-version":[{"id":19732,"href":"https:\/\/www.associationdemarie.org\/blog\/wp-json\/wp\/v2\/posts\/19730\/revisions\/19732"}],"wp:attachment":[{"href":"https:\/\/www.associationdemarie.org\/blog\/wp-json\/wp\/v2\/media?parent=19730"}],"wp:term":[{"taxonomy":"category","embeddable":true,"href":"https:\/\/www.associationdemarie.org\/blog\/wp-json\/wp\/v2\/categories?post=19730"},{"taxonomy":"post_tag","embeddable":true,"href":"https:\/\/www.associationdemarie.org\/blog\/wp-json\/wp\/v2\/tags?post=19730"}],"curies":[{"name":"wp","href":"https:\/\/api.w.org\/{rel}","templated":true}]}}