{"id":19724,"date":"2021-02-03T01:59:11","date_gmt":"2021-02-03T00:59:11","guid":{"rendered":"http:\/\/www.associationdemarie.org\/blog\/?p=19724"},"modified":"2021-01-13T08:01:34","modified_gmt":"2021-01-13T07:01:34","slug":"il-setonna-de-leur-manque-de-foi-2","status":"publish","type":"post","link":"https:\/\/www.associationdemarie.org\/blog\/il-setonna-de-leur-manque-de-foi-2\/","title":{"rendered":"\u00ab Il s&rsquo;\u00e9tonna de leur manque de foi. \u00bb"},"content":{"rendered":"<p><img loading=\"lazy\" decoding=\"async\" class=\"aligncenter  wp-image-19725\" src=\"https:\/\/www.associationdemarie.org\/blog\/wp-content\/uploads\/2021\/01\/SanGalganoGIMP.png.jpeg\" alt=\"\" width=\"399\" height=\"222\" srcset=\"https:\/\/www.associationdemarie.org\/blog\/wp-content\/uploads\/2021\/01\/SanGalganoGIMP.png.jpeg 640w, https:\/\/www.associationdemarie.org\/blog\/wp-content\/uploads\/2021\/01\/SanGalganoGIMP.png-300x167.jpeg 300w\" sizes=\"auto, (max-width: 399px) 100vw, 399px\" \/><\/p>\n<p>Le P\u00e8re a envoy\u00e9 le Verbe pour le manifester au monde. Ce Verbe fut m\u00e9pris\u00e9 par ses proches, mais \u00e0 la pr\u00e9dication des ap\u00f4tres, les nations pa\u00efennes ont cru en lui. Il \u00e9tait d\u00e8s le commencement (Jn 1,1), mais il s&rsquo;est manifest\u00e9 dans la nouveaut\u00e9 et ses disciples ont reconnu en lui l&rsquo;anciennet\u00e9. Il rena\u00eet toujours nouveau dans le c\u0153ur des saints ; il est proclam\u00e9 Fils dans un \u00e9ternel aujourd&rsquo;hui (Ps 2,7).<\/p>\n<p>Par lui, l&rsquo;\u00c9glise s&rsquo;enrichit d&rsquo;une gr\u00e2ce qui s&rsquo;\u00e9panouit et s&rsquo;accro\u00eet dans les saints : elle leur conf\u00e8re l&rsquo;intelligence spirituelle, leur d\u00e9voile les myst\u00e8res sacr\u00e9s et leur fait comprendre les signes des temps. L&rsquo;\u00c9glise est dans la joie \u00e0 cause des croyants ; elle s&rsquo;offre \u00e0 tous ceux qui la recherchent en respectant les engagements de la foi et les jalons pos\u00e9s par les P\u00e8res. D\u00e9sormais, la crainte de la Loi inspire des chants de louange, la gr\u00e2ce annonc\u00e9e par les proph\u00e8tes est reconnue, la foi dans l&rsquo;\u00c9vangile est affermie, la tradition des ap\u00f4tres demeure intacte et la gr\u00e2ce de l&rsquo;\u00c9glise la fait danser de joie.<\/p>\n<p>Si tu ne contristes pas cette gr\u00e2ce, tu conna\u00eetras les secrets que le Verbe communique par qui il veut et quand il lui pla\u00eet. (&#8230;) Si vous vous approchez et pr\u00eatez une oreille attentive, vous saurez tout ce que Dieu accorde \u00e0 ceux qui l&rsquo;aiment v\u00e9ritablement. Ils deviennent un jardin de d\u00e9lices ; en eux va grandir un arbre f\u00e9cond, \u00e0 la s\u00e8ve vigoureuse, ils seront combl\u00e9s des fruits les plus riches. C&rsquo;est l\u00e0 le terrain v\u00e9ritable o\u00f9 ont \u00e9t\u00e9 plant\u00e9s l&rsquo;arbre de la connaissance et l&rsquo;arbre de la vie (Gn 2,9). (&#8230;) Que ton c\u0153ur donc soit tout entier connaissance, et que le Verbe de v\u00e9rit\u00e9 devienne ta vie. Si cet arbre pousse en toi et si tu d\u00e9sires ardemment son fruit, tu r\u00e9colteras toujours les meilleurs dons de Dieu.<\/p>\n<h3 class=\"GospelCommentaryAuthor-name commentary-author font-2\">La Lettre \u00e0 Diogn\u00e8te (v. 200)<\/h3>\n<p>&nbsp;<\/p>\n<p>&nbsp;<\/p>\n","protected":false},"excerpt":{"rendered":"<p>Le P\u00e8re a envoy\u00e9 le Verbe pour le manifester au monde. Ce Verbe fut m\u00e9pris\u00e9 par ses proches, mais \u00e0 la pr\u00e9dication des ap\u00f4tres, les nations pa\u00efennes ont cru en lui. Il \u00e9tait d\u00e8s le commencement (Jn 1,1), mais il s&rsquo;est manifest\u00e9 dans la nouveaut\u00e9 et ses disciples ont reconnu en lui l&rsquo;anciennet\u00e9. Il rena\u00eet [&hellip;]<\/p>\n","protected":false},"author":2,"featured_media":0,"comment_status":"closed","ping_status":"closed","sticky":false,"template":"","format":"standard","meta":{"footnotes":""},"categories":[13,1261],"tags":[301,336,425,923,1179],"class_list":["post-19724","post","type-post","status-publish","format-standard","hentry","category-ecritures","category-enseignement-2","tag-diognete","tag-eglise","tag-foi","tag-saint","tag-verbe"],"_links":{"self":[{"href":"https:\/\/www.associationdemarie.org\/blog\/wp-json\/wp\/v2\/posts\/19724","targetHints":{"allow":["GET"]}}],"collection":[{"href":"https:\/\/www.associationdemarie.org\/blog\/wp-json\/wp\/v2\/posts"}],"about":[{"href":"https:\/\/www.associationdemarie.org\/blog\/wp-json\/wp\/v2\/types\/post"}],"author":[{"embeddable":true,"href":"https:\/\/www.associationdemarie.org\/blog\/wp-json\/wp\/v2\/users\/2"}],"replies":[{"embeddable":true,"href":"https:\/\/www.associationdemarie.org\/blog\/wp-json\/wp\/v2\/comments?post=19724"}],"version-history":[{"count":1,"href":"https:\/\/www.associationdemarie.org\/blog\/wp-json\/wp\/v2\/posts\/19724\/revisions"}],"predecessor-version":[{"id":19726,"href":"https:\/\/www.associationdemarie.org\/blog\/wp-json\/wp\/v2\/posts\/19724\/revisions\/19726"}],"wp:attachment":[{"href":"https:\/\/www.associationdemarie.org\/blog\/wp-json\/wp\/v2\/media?parent=19724"}],"wp:term":[{"taxonomy":"category","embeddable":true,"href":"https:\/\/www.associationdemarie.org\/blog\/wp-json\/wp\/v2\/categories?post=19724"},{"taxonomy":"post_tag","embeddable":true,"href":"https:\/\/www.associationdemarie.org\/blog\/wp-json\/wp\/v2\/tags?post=19724"}],"curies":[{"name":"wp","href":"https:\/\/api.w.org\/{rel}","templated":true}]}}