{"id":19718,"date":"2021-02-01T01:19:09","date_gmt":"2021-02-01T00:19:09","guid":{"rendered":"http:\/\/www.associationdemarie.org\/blog\/?p=19718"},"modified":"2021-01-11T11:21:34","modified_gmt":"2021-01-11T10:21:34","slug":"esprit-mauvais-sors-de-cet-homme","status":"publish","type":"post","link":"https:\/\/www.associationdemarie.org\/blog\/esprit-mauvais-sors-de-cet-homme\/","title":{"rendered":"\u00ab Esprit mauvais, sors de cet homme ! \u00bb"},"content":{"rendered":"<p><img loading=\"lazy\" decoding=\"async\" class=\"aligncenter  wp-image-19719\" src=\"https:\/\/www.associationdemarie.org\/blog\/wp-content\/uploads\/2021\/01\/13-64-un-homme-est-gueri.png\" alt=\"\" width=\"396\" height=\"255\" \/><\/p>\n<p>Le fait du pouvoir du mal dans le c\u0153ur humain et dans l&rsquo;histoire humaine est ind\u00e9niable. La question est : comment ce mal s&rsquo;explique-t-il ? (&#8230;) La foi nous dit : il existe deux myst\u00e8res de lumi\u00e8re et un myst\u00e8re de nuit, lequel est toutefois envelopp\u00e9 par les myst\u00e8res de lumi\u00e8re. Le premier myst\u00e8re de lumi\u00e8re est celui-ci : la foi nous dit qu&rsquo;il n&rsquo;y a pas deux principes, un bon et un mauvais, mais un seul principe, le Dieu cr\u00e9ateur, et ce principe est bon, seulement bon, sans ombre de mal. C&rsquo;est pourquoi l&rsquo;\u00eatre non plus n&rsquo;est pas un m\u00e9lange de bien et de mal : l&rsquo;\u00eatre comme tel est bon, et donc il est bon d&rsquo;\u00eatre, il est bon de vivre. Telle est l&rsquo;heureuse annonce de la foi : il n&rsquo;y a qu&rsquo;une source, bonne, le Cr\u00e9ateur. (&#8230;)<\/p>\n<p>S&rsquo;ensuit un myst\u00e8re d&rsquo;obscurit\u00e9, de nuit. Le mal ne vient pas de la source de l&rsquo;\u00eatre lui-m\u00eame, il n&rsquo;est pas \u00e9galement originel. Le mal vient d&rsquo;une libert\u00e9 cr\u00e9\u00e9e, d&rsquo;une libert\u00e9 dont on a abus\u00e9. Comment cela a-t-il \u00e9t\u00e9 possible ? Comment est-ce arriv\u00e9 ? Cela demeure obscur. Le mal n&rsquo;est pas logique. Seul Dieu et le bien sont logiques, sont lumi\u00e8re. Le mal demeure myst\u00e9rieux. (&#8230;) Nous pouvons deviner, pas expliquer ; nous ne pouvons pas m\u00eame le raconter comme un fait d\u00e9tach\u00e9 d&rsquo;un autre, parce qu&rsquo;il s&rsquo;agit d&rsquo;une r\u00e9alit\u00e9 plus profonde. Cela demeure un myst\u00e8re d&rsquo;obscurit\u00e9, de nuit.<\/p>\n<p>Mais un myst\u00e8re de lumi\u00e8re vient imm\u00e9diatement s&rsquo;y ajouter. Le mal vient d&rsquo;une source subordonn\u00e9e. Dieu avec sa lumi\u00e8re est plus fort. Et c&rsquo;est pourquoi le mal peut-\u00eatre surmont\u00e9. C&rsquo;est pourquoi, la cr\u00e9ature, l&rsquo;homme, peut \u00eatre gu\u00e9ri. (&#8230;) Et enfin, dernier point, l&rsquo;homme non seulement peut \u00eatre gu\u00e9ri, mais il est gu\u00e9ri de fait. Dieu a introduit la gu\u00e9rison. Il est entr\u00e9 en personne dans l&rsquo;histoire. \u00c0 la source constante du mal il a oppos\u00e9 une source de bien pur. Le Christ crucifi\u00e9 et ressuscit\u00e9, nouvel Adam, oppose au fleuve sale du mal un fleuve de lumi\u00e8re. Et ce fleuve est pr\u00e9sent dans l&rsquo;histoire : nous voyons les saints, les grands saints mais aussi les humbles saints, les simples fid\u00e8les. Nous voyons que le fleuve de lumi\u00e8re qui vient du Christ est pr\u00e9sent, il est fort.<\/p>\n<h3 class=\"GospelCommentaryAuthor-name commentary-author font-2\">Beno\u00eet XVI<\/h3>\n<p>&nbsp;<\/p>\n<p>&nbsp;<\/p>\n","protected":false},"excerpt":{"rendered":"<p>Le fait du pouvoir du mal dans le c\u0153ur humain et dans l&rsquo;histoire humaine est ind\u00e9niable. La question est : comment ce mal s&rsquo;explique-t-il ? (&#8230;) La foi nous dit : il existe deux myst\u00e8res de lumi\u00e8re et un myst\u00e8re de nuit, lequel est toutefois envelopp\u00e9 par les myst\u00e8res de lumi\u00e8re. Le premier myst\u00e8re de [&hellip;]<\/p>\n","protected":false},"author":2,"featured_media":0,"comment_status":"closed","ping_status":"closed","sticky":false,"template":"","format":"standard","meta":{"footnotes":""},"categories":[13,1261],"tags":[142,150,600,619],"class_list":["post-19718","post","type-post","status-publish","format-standard","hentry","category-ecritures","category-enseignement-2","tag-benoit-16","tag-bien","tag-lumiere","tag-mal"],"_links":{"self":[{"href":"https:\/\/www.associationdemarie.org\/blog\/wp-json\/wp\/v2\/posts\/19718","targetHints":{"allow":["GET"]}}],"collection":[{"href":"https:\/\/www.associationdemarie.org\/blog\/wp-json\/wp\/v2\/posts"}],"about":[{"href":"https:\/\/www.associationdemarie.org\/blog\/wp-json\/wp\/v2\/types\/post"}],"author":[{"embeddable":true,"href":"https:\/\/www.associationdemarie.org\/blog\/wp-json\/wp\/v2\/users\/2"}],"replies":[{"embeddable":true,"href":"https:\/\/www.associationdemarie.org\/blog\/wp-json\/wp\/v2\/comments?post=19718"}],"version-history":[{"count":1,"href":"https:\/\/www.associationdemarie.org\/blog\/wp-json\/wp\/v2\/posts\/19718\/revisions"}],"predecessor-version":[{"id":19720,"href":"https:\/\/www.associationdemarie.org\/blog\/wp-json\/wp\/v2\/posts\/19718\/revisions\/19720"}],"wp:attachment":[{"href":"https:\/\/www.associationdemarie.org\/blog\/wp-json\/wp\/v2\/media?parent=19718"}],"wp:term":[{"taxonomy":"category","embeddable":true,"href":"https:\/\/www.associationdemarie.org\/blog\/wp-json\/wp\/v2\/categories?post=19718"},{"taxonomy":"post_tag","embeddable":true,"href":"https:\/\/www.associationdemarie.org\/blog\/wp-json\/wp\/v2\/tags?post=19718"}],"curies":[{"name":"wp","href":"https:\/\/api.w.org\/{rel}","templated":true}]}}