{"id":19711,"date":"2021-01-30T01:32:25","date_gmt":"2021-01-30T00:32:25","guid":{"rendered":"http:\/\/www.associationdemarie.org\/blog\/?p=19711"},"modified":"2021-01-09T09:37:34","modified_gmt":"2021-01-09T08:37:34","slug":"le-vent-tomba-et-il-se-fit-un-grand-calme","status":"publish","type":"post","link":"https:\/\/www.associationdemarie.org\/blog\/le-vent-tomba-et-il-se-fit-un-grand-calme\/","title":{"rendered":"Le vent tomba, et il se fit un grand calme"},"content":{"rendered":"<p><img loading=\"lazy\" decoding=\"async\" class=\"aligncenter  wp-image-19712\" src=\"https:\/\/www.associationdemarie.org\/blog\/wp-content\/uploads\/2021\/01\/tempetenurembergXI.jpg\" alt=\"\" width=\"365\" height=\"305\" srcset=\"https:\/\/www.associationdemarie.org\/blog\/wp-content\/uploads\/2021\/01\/tempetenurembergXI.jpg 680w, https:\/\/www.associationdemarie.org\/blog\/wp-content\/uploads\/2021\/01\/tempetenurembergXI-300x251.jpg 300w\" sizes=\"auto, (max-width: 365px) 100vw, 365px\" \/><\/p>\n<p>Ton c\u0153ur est secou\u00e9 par les flots ; l&rsquo;outrage a suscit\u00e9 en toi le d\u00e9sir de la vengeance. Et voici : tu t&rsquo;es veng\u00e9 (&#8230;), et tu as fait naufrage. Pourquoi ? Parce que le Christ s&rsquo;est endormi en toi, c&rsquo;est-\u00e0-dire que tu as oubli\u00e9 le Christ. R\u00e9veille-donc le Christ, souviens-toi du Christ, que le Christ s&rsquo;\u00e9veille en toi. (&#8230;) As-tu oubli\u00e9 la parole qu&rsquo;il a dite sur la croix : \u00ab P\u00e8re, pardonne-leur : ils ne savent pas ce qu&rsquo;ils font \u00bb ? (Lc 23,34) Celui qui s&rsquo;\u00e9tait endormi dans ton c\u0153ur a refus\u00e9 de se venger.<\/p>\n<p>R\u00e9veille-le, rappelle-toi son souvenir. Son souvenir, c&rsquo;est sa parole ; c&rsquo;est son commandement. Et quand tu auras \u00e9veill\u00e9 le Christ en toi, tu te diras \u00e0 toi-m\u00eame : \u00ab Quel homme suis-je pour vouloir me venger ? (&#8230;) Celui qui a dit : \u2018Donnez, et vous recevrez ; pardonnez, et vous serez pardonn\u00e9s\u2019 (Lc 6,37) ne m&rsquo;accueillera pas. Je r\u00e9primerai donc ma col\u00e8re, et mon c\u0153ur trouvera \u00e0 nouveau le repos. \u00bb Le Christ a command\u00e9 \u00e0 la mer, et elle s&rsquo;est calm\u00e9e. (&#8230;) R\u00e9veille le Christ, laisse-le te parler. \u00ab Qui donc est celui-ci, pour que m\u00eame les vents et la mer lui ob\u00e9issent ? \u00bb Quel est celui \u00e0 qui la mer ob\u00e9it ? \u00ab \u00c0 lui la mer, c&rsquo;est lui qui l&rsquo;a faite \u00bb (Ps 94,5) ; \u00ab par lui, tout a \u00e9t\u00e9 fait \u00bb (Jn 1,3). Imite plut\u00f4t les vents et la mer : ob\u00e9is au Cr\u00e9ateur. La mer entend l&rsquo;ordre du Christ, vas-tu rester sourd ? La mer ob\u00e9it, le vent s&rsquo;apaise, vas-tu continuer \u00e0 souffler ? (&#8230;) Parler, agir, ourdir des machinations, n&rsquo;est-ce pas souffler et refuser de s&rsquo;apaiser au commandement du Christ ? Quand ton c\u0153ur est troubl\u00e9, ne te laisse pas submerger par les vagues.<\/p>\n<p>Si pourtant le vent nous renverse \u2014 car nous ne sommes que des hommes \u2014 et qu&rsquo;il excite les passions mauvaises de notre c\u0153ur, ne d\u00e9sesp\u00e9rons pas. R\u00e9veillons le Christ, afin de poursuivre notre voyage sur une mer paisible et de parvenir \u00e0 la patrie.<\/p>\n<h3 class=\"GospelCommentaryAuthor-name commentary-author font-2\">Saint Augustin (354-430)<\/h3>\n<p>&nbsp;<\/p>\n<p>&nbsp;<\/p>\n","protected":false},"excerpt":{"rendered":"<p>Ton c\u0153ur est secou\u00e9 par les flots ; l&rsquo;outrage a suscit\u00e9 en toi le d\u00e9sir de la vengeance. Et voici : tu t&rsquo;es veng\u00e9 (&#8230;), et tu as fait naufrage. Pourquoi ? Parce que le Christ s&rsquo;est endormi en toi, c&rsquo;est-\u00e0-dire que tu as oubli\u00e9 le Christ. R\u00e9veille-donc le Christ, souviens-toi du Christ, que le [&hellip;]<\/p>\n","protected":false},"author":2,"featured_media":0,"comment_status":"closed","ping_status":"closed","sticky":false,"template":"","format":"standard","meta":{"footnotes":""},"categories":[13,1261],"tags":[1574,252,1012,1129],"class_list":["post-19711","post","type-post","status-publish","format-standard","hentry","category-ecritures","category-enseignement-2","tag-calme","tag-confiance","tag-st-augustin","tag-tempete"],"_links":{"self":[{"href":"https:\/\/www.associationdemarie.org\/blog\/wp-json\/wp\/v2\/posts\/19711","targetHints":{"allow":["GET"]}}],"collection":[{"href":"https:\/\/www.associationdemarie.org\/blog\/wp-json\/wp\/v2\/posts"}],"about":[{"href":"https:\/\/www.associationdemarie.org\/blog\/wp-json\/wp\/v2\/types\/post"}],"author":[{"embeddable":true,"href":"https:\/\/www.associationdemarie.org\/blog\/wp-json\/wp\/v2\/users\/2"}],"replies":[{"embeddable":true,"href":"https:\/\/www.associationdemarie.org\/blog\/wp-json\/wp\/v2\/comments?post=19711"}],"version-history":[{"count":1,"href":"https:\/\/www.associationdemarie.org\/blog\/wp-json\/wp\/v2\/posts\/19711\/revisions"}],"predecessor-version":[{"id":19713,"href":"https:\/\/www.associationdemarie.org\/blog\/wp-json\/wp\/v2\/posts\/19711\/revisions\/19713"}],"wp:attachment":[{"href":"https:\/\/www.associationdemarie.org\/blog\/wp-json\/wp\/v2\/media?parent=19711"}],"wp:term":[{"taxonomy":"category","embeddable":true,"href":"https:\/\/www.associationdemarie.org\/blog\/wp-json\/wp\/v2\/categories?post=19711"},{"taxonomy":"post_tag","embeddable":true,"href":"https:\/\/www.associationdemarie.org\/blog\/wp-json\/wp\/v2\/tags?post=19711"}],"curies":[{"name":"wp","href":"https:\/\/api.w.org\/{rel}","templated":true}]}}