{"id":19698,"date":"2021-01-26T01:17:43","date_gmt":"2021-01-26T00:17:43","guid":{"rendered":"http:\/\/www.associationdemarie.org\/blog\/?p=19698"},"modified":"2021-01-05T09:21:14","modified_gmt":"2021-01-05T08:21:14","slug":"memoire-des-saints-timothee-et-tite-eveques-compagnons-de-saint-paul-2","status":"publish","type":"post","link":"https:\/\/www.associationdemarie.org\/blog\/memoire-des-saints-timothee-et-tite-eveques-compagnons-de-saint-paul-2\/","title":{"rendered":"M\u00e9moire des saints Timoth\u00e9e et Tite, \u00e9v\u00eaques, compagnons de saint Paul"},"content":{"rendered":"<p><img loading=\"lazy\" decoding=\"async\" class=\"aligncenter  wp-image-19699\" src=\"https:\/\/www.associationdemarie.org\/blog\/wp-content\/uploads\/2021\/01\/saints-tite-et-timothee.11.jpg\" alt=\"\" width=\"434\" height=\"310\" srcset=\"https:\/\/www.associationdemarie.org\/blog\/wp-content\/uploads\/2021\/01\/saints-tite-et-timothee.11.jpg 1920w, https:\/\/www.associationdemarie.org\/blog\/wp-content\/uploads\/2021\/01\/saints-tite-et-timothee.11-300x215.jpg 300w, https:\/\/www.associationdemarie.org\/blog\/wp-content\/uploads\/2021\/01\/saints-tite-et-timothee.11-768x550.jpg 768w, https:\/\/www.associationdemarie.org\/blog\/wp-content\/uploads\/2021\/01\/saints-tite-et-timothee.11-1024x733.jpg 1024w\" sizes=\"auto, (max-width: 434px) 100vw, 434px\" \/><\/p>\n<p>Tout comme le Christ Seigneur, Fils du Dieu vivant, qui est venu pour sauver son peuple de ses p\u00e9ch\u00e9s et pour sanctifier tous les hommes, a \u00e9t\u00e9 lui-m\u00eame envoy\u00e9 par le P\u00e8re, de m\u00eame il a envoy\u00e9 ses ap\u00f4tres (Jn 20,21) qu&rsquo;il a sanctifi\u00e9s en leur donnant le Saint-Esprit, pour qu&rsquo;eux aussi glorifient le P\u00e8re sur la terre et contribuent au salut des hommes, \u00ab en vue de l&rsquo;\u00e9dification du Corps du Christ \u00bb qui est l&rsquo;\u00c9glise (Ep 4,12). Dans cette \u00c9glise du Christ, le Pontife romain, en tant que successeur de Pierre, \u00e0 qui le Christ a confi\u00e9 ses brebis et ses agneaux \u00e0 pa\u00eetre (Jn 21,15s), jouit, par institution divine, du pouvoir supr\u00eame, pl\u00e9nier, imm\u00e9diat et universel pour la charge des \u00e2mes. (&#8230;)<\/p>\n<p>Mais les \u00e9v\u00eaques, eux aussi, \u00e9tablis par le Saint-Esprit, prennent par succession la place des ap\u00f4tres comme pasteurs des \u00e2mes, et ensemble avec le Souverain Pontife et sous son autorit\u00e9, ils ont \u00e9t\u00e9 envoy\u00e9s pour assurer la permanence de l&rsquo;\u0153uvre du Christ, Pasteur \u00e9ternel. En effet, le Christ a donn\u00e9 aux ap\u00f4tres et \u00e0 leurs successeurs l&rsquo;ordre et le pouvoir d&rsquo;enseigner toutes les nations, de sanctifier les hommes dans la v\u00e9rit\u00e9 et de les pa\u00eetre. Par cons\u00e9quent, par l&rsquo;Esprit Saint qui leur a \u00e9t\u00e9 donn\u00e9, les \u00e9v\u00eaques sont devenus de vrais et authentiques ma\u00eetres de la foi, pontifes et pasteurs. (&#8230;)<\/p>\n<p>En qualit\u00e9 de successeurs l\u00e9gitimes des ap\u00f4tres et de membres du coll\u00e8ge \u00e9piscopal, les \u00e9v\u00eaques se sauront toujours unis entre eux et feront preuve de sollicitude pour toutes les \u00c9glises, puisque, en vertu de l&rsquo;institution divine et des devoirs de la charge apostolique, chacun d&rsquo;entre eux, ensemble avec les autres \u00e9v\u00eaques, est responsable de l&rsquo;\u00c9glise. Ils seront surtout pleins de sollicitude pour ces r\u00e9gions du monde dans lesquelles la Parole de Dieu n&rsquo;a pas encore \u00e9t\u00e9 annonc\u00e9e ou dans lesquelles, surtout \u00e0 cause du nombre restreint de pr\u00eatres, les fid\u00e8les sont expos\u00e9s au danger de s&rsquo;\u00e9loigner des commandements de la vie chr\u00e9tienne, bien plus de perdre la foi elle-m\u00eame. Qu&rsquo;ils s&rsquo;appliquent donc de toutes leurs forces \u00e0 ce que les fid\u00e8les soutiennent et fassent progresser avec empressement les \u0153uvres d&rsquo;\u00e9vang\u00e9lisation et d&rsquo;apostolat.<\/p>\n<h3 class=\"GospelCommentaryAuthor-name commentary-author font-2\">Concile Vatican II<\/h3>\n<p>&nbsp;<\/p>\n<p>&nbsp;<\/p>\n","protected":false},"excerpt":{"rendered":"<p>Tout comme le Christ Seigneur, Fils du Dieu vivant, qui est venu pour sauver son peuple de ses p\u00e9ch\u00e9s et pour sanctifier tous les hommes, a \u00e9t\u00e9 lui-m\u00eame envoy\u00e9 par le P\u00e8re, de m\u00eame il a envoy\u00e9 ses ap\u00f4tres (Jn 20,21) qu&rsquo;il a sanctifi\u00e9s en leur donnant le Saint-Esprit, pour qu&rsquo;eux aussi glorifient le P\u00e8re [&hellip;]<\/p>\n","protected":false},"author":2,"featured_media":0,"comment_status":"closed","ping_status":"closed","sticky":false,"template":"","format":"standard","meta":{"footnotes":""},"categories":[15,28],"tags":[391,1480,1445,1174],"class_list":["post-19698","post","type-post","status-publish","format-standard","hentry","category-histoire","category-saints-et-saintes","tag-eveque","tag-st-thimothee","tag-st-tite","tag-vatican-2"],"_links":{"self":[{"href":"https:\/\/www.associationdemarie.org\/blog\/wp-json\/wp\/v2\/posts\/19698","targetHints":{"allow":["GET"]}}],"collection":[{"href":"https:\/\/www.associationdemarie.org\/blog\/wp-json\/wp\/v2\/posts"}],"about":[{"href":"https:\/\/www.associationdemarie.org\/blog\/wp-json\/wp\/v2\/types\/post"}],"author":[{"embeddable":true,"href":"https:\/\/www.associationdemarie.org\/blog\/wp-json\/wp\/v2\/users\/2"}],"replies":[{"embeddable":true,"href":"https:\/\/www.associationdemarie.org\/blog\/wp-json\/wp\/v2\/comments?post=19698"}],"version-history":[{"count":2,"href":"https:\/\/www.associationdemarie.org\/blog\/wp-json\/wp\/v2\/posts\/19698\/revisions"}],"predecessor-version":[{"id":19701,"href":"https:\/\/www.associationdemarie.org\/blog\/wp-json\/wp\/v2\/posts\/19698\/revisions\/19701"}],"wp:attachment":[{"href":"https:\/\/www.associationdemarie.org\/blog\/wp-json\/wp\/v2\/media?parent=19698"}],"wp:term":[{"taxonomy":"category","embeddable":true,"href":"https:\/\/www.associationdemarie.org\/blog\/wp-json\/wp\/v2\/categories?post=19698"},{"taxonomy":"post_tag","embeddable":true,"href":"https:\/\/www.associationdemarie.org\/blog\/wp-json\/wp\/v2\/tags?post=19698"}],"curies":[{"name":"wp","href":"https:\/\/api.w.org\/{rel}","templated":true}]}}