{"id":19634,"date":"2021-01-10T01:09:12","date_gmt":"2021-01-10T00:09:12","guid":{"rendered":"http:\/\/www.associationdemarie.org\/blog\/?p=19634"},"modified":"2020-12-20T09:13:29","modified_gmt":"2020-12-20T08:13:29","slug":"lui-vous-baptisera-dans-lesprit-saint","status":"publish","type":"post","link":"https:\/\/www.associationdemarie.org\/blog\/lui-vous-baptisera-dans-lesprit-saint\/","title":{"rendered":"\u00ab Lui vous baptisera dans l&rsquo;Esprit Saint. \u00bb"},"content":{"rendered":"<p><img loading=\"lazy\" decoding=\"async\" class=\"aligncenter wp-image-19635\" src=\"https:\/\/www.associationdemarie.org\/blog\/wp-content\/uploads\/2020\/12\/unnamed-2.jpg\" alt=\"\" width=\"333\" height=\"392\" srcset=\"https:\/\/www.associationdemarie.org\/blog\/wp-content\/uploads\/2020\/12\/unnamed-2.jpg 412w, https:\/\/www.associationdemarie.org\/blog\/wp-content\/uploads\/2020\/12\/unnamed-2-255x300.jpg 255w\" sizes=\"auto, (max-width: 333px) 100vw, 333px\" \/><\/p>\n<p>Aujourd&rsquo;hui, le Seigneur J\u00e9sus est venu recevoir le bapt\u00eame. Il a voulu laver son corps dans l&rsquo;eau du Jourdain. Quelqu&rsquo;un dira peut-\u00eatre : \u00ab Lui qui \u00e9tait le Saint, pourquoi a-t-il voulu \u00eatre baptis\u00e9 ? \u00bb \u00c9coute donc. Le Christ est baptis\u00e9 non pour \u00eatre sanctifi\u00e9 par les eaux, mais pour sanctifier lui-m\u00eame les eaux et purifier par son action personnelle les flots qu&rsquo;il touche. Il s&rsquo;agit donc bien plus de la cons\u00e9cration de l&rsquo;eau que de celle du Christ. Car, d\u00e8s le moment o\u00f9 le Sauveur est lav\u00e9, toutes les eaux deviennent pures en vue de notre bapt\u00eame ; la source est purifi\u00e9e pour que la gr\u00e2ce soit procur\u00e9e aux peuples qui viendront dans la suite. Le Christ marche donc le premier au bapt\u00eame pour que les peuples chr\u00e9tiens se mettent \u00e0 sa suite sans h\u00e9siter.<\/p>\n<p>Et ici j&rsquo;entrevois un myst\u00e8re. La colonne de feu n&rsquo;a-t-elle pas pris ainsi les devants \u00e0 travers la Mer Rouge pour encourager \u00e0 sa suite la marche des fils d&rsquo;Isra\u00ebl ? Elle a travers\u00e9 les eaux la premi\u00e8re pour frayer le chemin \u00e0 ceux qui suivraient. Cet \u00e9v\u00e9nement a \u00e9t\u00e9, au t\u00e9moignage de l&rsquo;ap\u00f4tre Paul, un symbole du bapt\u00eame (1Co 10,1s). C&rsquo;\u00e9tait sans aucun doute une sorte de bapt\u00eame o\u00f9 les hommes \u00e9taient couverts par la nu\u00e9e et port\u00e9s par les eaux. Et tout cela a \u00e9t\u00e9 accompli par le m\u00eame Christ notre Seigneur qui maintenant pr\u00e9c\u00e8de au bapt\u00eame les peuples chr\u00e9tiens en la colonne de son corps, comme il a pr\u00e9c\u00e9d\u00e9 \u00e0 travers la mer les fils d&rsquo;Isra\u00ebl dans la colonne de feu. La m\u00eame colonne qui, jadis, a \u00e9clair\u00e9 les yeux des marcheurs, donne maintenant la lumi\u00e8re au c\u0153ur des croyants. Alors elle a trac\u00e9 dans les flots une route solide, maintenant elle affermit dans ce bain les pas de la foi.<\/p>\n<h3 class=\"GospelCommentaryAuthor-name commentary-author font-2\">Saint Maxime de Turin (?-v. 420)<\/h3>\n<p>&nbsp;<\/p>\n<p>&nbsp;<\/p>\n","protected":false},"excerpt":{"rendered":"<p>Aujourd&rsquo;hui, le Seigneur J\u00e9sus est venu recevoir le bapt\u00eame. Il a voulu laver son corps dans l&rsquo;eau du Jourdain. Quelqu&rsquo;un dira peut-\u00eatre : \u00ab Lui qui \u00e9tait le Saint, pourquoi a-t-il voulu \u00eatre baptis\u00e9 ? \u00bb \u00c9coute donc. Le Christ est baptis\u00e9 non pour \u00eatre sanctifi\u00e9 par les eaux, mais pour sanctifier lui-m\u00eame les eaux [&hellip;]<\/p>\n","protected":false},"author":2,"featured_media":0,"comment_status":"closed","ping_status":"closed","sticky":false,"template":"","format":"standard","meta":{"footnotes":""},"categories":[13,1261],"tags":[131,220,326,548,1042,1513],"class_list":["post-19634","post","type-post","status-publish","format-standard","hentry","category-ecritures","category-enseignement-2","tag-bapteme","tag-christ","tag-eaux","tag-jourdain","tag-st-jean-baptiste","tag-st-maxime-de-turin"],"_links":{"self":[{"href":"https:\/\/www.associationdemarie.org\/blog\/wp-json\/wp\/v2\/posts\/19634","targetHints":{"allow":["GET"]}}],"collection":[{"href":"https:\/\/www.associationdemarie.org\/blog\/wp-json\/wp\/v2\/posts"}],"about":[{"href":"https:\/\/www.associationdemarie.org\/blog\/wp-json\/wp\/v2\/types\/post"}],"author":[{"embeddable":true,"href":"https:\/\/www.associationdemarie.org\/blog\/wp-json\/wp\/v2\/users\/2"}],"replies":[{"embeddable":true,"href":"https:\/\/www.associationdemarie.org\/blog\/wp-json\/wp\/v2\/comments?post=19634"}],"version-history":[{"count":1,"href":"https:\/\/www.associationdemarie.org\/blog\/wp-json\/wp\/v2\/posts\/19634\/revisions"}],"predecessor-version":[{"id":19636,"href":"https:\/\/www.associationdemarie.org\/blog\/wp-json\/wp\/v2\/posts\/19634\/revisions\/19636"}],"wp:attachment":[{"href":"https:\/\/www.associationdemarie.org\/blog\/wp-json\/wp\/v2\/media?parent=19634"}],"wp:term":[{"taxonomy":"category","embeddable":true,"href":"https:\/\/www.associationdemarie.org\/blog\/wp-json\/wp\/v2\/categories?post=19634"},{"taxonomy":"post_tag","embeddable":true,"href":"https:\/\/www.associationdemarie.org\/blog\/wp-json\/wp\/v2\/tags?post=19634"}],"curies":[{"name":"wp","href":"https:\/\/api.w.org\/{rel}","templated":true}]}}