{"id":19631,"date":"2021-01-09T01:59:46","date_gmt":"2021-01-09T00:59:46","guid":{"rendered":"http:\/\/www.associationdemarie.org\/blog\/?p=19631"},"modified":"2020-12-19T08:01:51","modified_gmt":"2020-12-19T07:01:51","slug":"grandir-ou-diminuer-2","status":"publish","type":"post","link":"https:\/\/www.associationdemarie.org\/blog\/grandir-ou-diminuer-2\/","title":{"rendered":"Grandir ou diminuer ?"},"content":{"rendered":"<p><img loading=\"lazy\" decoding=\"async\" class=\"aligncenter  wp-image-19632\" src=\"https:\/\/www.associationdemarie.org\/blog\/wp-content\/uploads\/2020\/12\/unnamed-1-1.jpg\" alt=\"\" width=\"348\" height=\"232\" srcset=\"https:\/\/www.associationdemarie.org\/blog\/wp-content\/uploads\/2020\/12\/unnamed-1-1.jpg 512w, https:\/\/www.associationdemarie.org\/blog\/wp-content\/uploads\/2020\/12\/unnamed-1-1-300x200.jpg 300w\" sizes=\"auto, (max-width: 348px) 100vw, 348px\" \/><\/p>\n<p>\u00ab Il faut que lui, il grandisse et que moi, je diminue. \u00bb En Jean la justice humaine avait trouv\u00e9 le sommet que l&rsquo;homme pouvait atteindre. La V\u00e9rit\u00e9 elle-m\u00eame (Jn 14,6) disait : \u00ab Parmi les hommes, il n&rsquo;en a pas exist\u00e9 de plus grand que Jean Baptiste \u00bb (Mt 11,11) ; aucun homme donc n&rsquo;aurait pu le d\u00e9passer. Mais il \u00e9tait seulement homme, alors que J\u00e9sus Christ \u00e9tait homme et Dieu. Et puisque selon la gr\u00e2ce chr\u00e9tienne on nous demande (\u2026) de ne pas nous glorifier dans nous-m\u00eames, mais \u00ab si quelqu&rsquo;un se glorifie, qu&rsquo;il se glorifie dans le Seigneur \u00bb (2Co 10,17), (\u2026), pour cette raison Jean s&rsquo;\u00e9crie : \u00ab Il faut qu&rsquo;il grandisse et que moi, je diminue. \u00bb Bien s\u00fbr en lui-m\u00eame Dieu n&rsquo;est ni diminu\u00e9 ni augment\u00e9. Mais dans les hommes, au fur et \u00e0 mesure que progresse la vraie vie spirituelle, la gr\u00e2ce divine grandit et la puissance humaine diminue, jusqu&rsquo;\u00e0 ce que le temple de Dieu, qui est form\u00e9 de tous les membres du corps du Christ (1Co 3,16), arrive \u00e0 sa perfection, que toute tyrannie, toute autorit\u00e9, toute puissance soient mortes, et que Dieu soit \u00ab tout en tous \u00bb (Col 1,16; 1Co 15,28). (\u2026)<\/p>\n<p>\u00ab Le Verbe \u00e9tait la vraie lumi\u00e8re qui \u00e9claire tout homme venant dans ce monde (\u2026) ; tous nous avons re\u00e7u de sa pl\u00e9nitude \u00bb (Jn 1,9.16). En elle-m\u00eame la lumi\u00e8re est toujours totale ; elle s&rsquo;accro\u00eet pourtant en celui qui est illumin\u00e9, et il est diminu\u00e9 lorsque ce qui \u00e9tait sans Dieu en lui est d\u00e9truit. Car sans Dieu l&rsquo;homme ne peut que p\u00e9cher, et ce pouvoir humain diminue lorsque la gr\u00e2ce divine triomphe et d\u00e9truit le p\u00e9ch\u00e9. La faiblesse de la cr\u00e9ature c\u00e8de \u00e0 la puissance du cr\u00e9ateur et la vanit\u00e9 de notre \u00e9go\u00efsme s&rsquo;effondre devant l&rsquo;amour qui remplit l&rsquo;univers. Du fond de notre d\u00e9tresse Jean Baptiste acclame la mis\u00e9ricorde du Christ : \u00ab Il faut que lui grandisse et que moi, je diminue. \u00bb<\/p>\n<h3 class=\"GospelCommentaryAuthor-name commentary-author font-2\">Saint Augustin (354-430)<\/h3>\n<p>&nbsp;<\/p>\n<p>&nbsp;<\/p>\n<p>&nbsp;<\/p>\n","protected":false},"excerpt":{"rendered":"<p>\u00ab Il faut que lui, il grandisse et que moi, je diminue. \u00bb En Jean la justice humaine avait trouv\u00e9 le sommet que l&rsquo;homme pouvait atteindre. La V\u00e9rit\u00e9 elle-m\u00eame (Jn 14,6) disait : \u00ab Parmi les hommes, il n&rsquo;en a pas exist\u00e9 de plus grand que Jean Baptiste \u00bb (Mt 11,11) ; aucun homme donc [&hellip;]<\/p>\n","protected":false},"author":2,"featured_media":0,"comment_status":"closed","ping_status":"closed","sticky":false,"template":"","format":"standard","meta":{"footnotes":""},"categories":[13,1261,28],"tags":[220,487,1012,1042],"class_list":["post-19631","post","type-post","status-publish","format-standard","hentry","category-ecritures","category-enseignement-2","category-saints-et-saintes","tag-christ","tag-humilite","tag-st-augustin","tag-st-jean-baptiste"],"_links":{"self":[{"href":"https:\/\/www.associationdemarie.org\/blog\/wp-json\/wp\/v2\/posts\/19631","targetHints":{"allow":["GET"]}}],"collection":[{"href":"https:\/\/www.associationdemarie.org\/blog\/wp-json\/wp\/v2\/posts"}],"about":[{"href":"https:\/\/www.associationdemarie.org\/blog\/wp-json\/wp\/v2\/types\/post"}],"author":[{"embeddable":true,"href":"https:\/\/www.associationdemarie.org\/blog\/wp-json\/wp\/v2\/users\/2"}],"replies":[{"embeddable":true,"href":"https:\/\/www.associationdemarie.org\/blog\/wp-json\/wp\/v2\/comments?post=19631"}],"version-history":[{"count":1,"href":"https:\/\/www.associationdemarie.org\/blog\/wp-json\/wp\/v2\/posts\/19631\/revisions"}],"predecessor-version":[{"id":19633,"href":"https:\/\/www.associationdemarie.org\/blog\/wp-json\/wp\/v2\/posts\/19631\/revisions\/19633"}],"wp:attachment":[{"href":"https:\/\/www.associationdemarie.org\/blog\/wp-json\/wp\/v2\/media?parent=19631"}],"wp:term":[{"taxonomy":"category","embeddable":true,"href":"https:\/\/www.associationdemarie.org\/blog\/wp-json\/wp\/v2\/categories?post=19631"},{"taxonomy":"post_tag","embeddable":true,"href":"https:\/\/www.associationdemarie.org\/blog\/wp-json\/wp\/v2\/tags?post=19631"}],"curies":[{"name":"wp","href":"https:\/\/api.w.org\/{rel}","templated":true}]}}