{"id":19628,"date":"2021-01-08T01:03:58","date_gmt":"2021-01-08T00:03:58","guid":{"rendered":"http:\/\/www.associationdemarie.org\/blog\/?p=19628"},"modified":"2020-12-18T09:05:57","modified_gmt":"2020-12-18T08:05:57","slug":"un-lepreux-reintegre-a-la-societe","status":"publish","type":"post","link":"https:\/\/www.associationdemarie.org\/blog\/un-lepreux-reintegre-a-la-societe\/","title":{"rendered":"Un l\u00e9preux r\u00e9int\u00e9gr\u00e9 \u00e0 la soci\u00e9t\u00e9"},"content":{"rendered":"<p><img loading=\"lazy\" decoding=\"async\" class=\"aligncenter size-full wp-image-19629\" src=\"https:\/\/www.associationdemarie.org\/blog\/wp-content\/uploads\/2020\/12\/Petrus-Comestor-Bible-Jesus-guerit-un-lepreux-1372-02.jpg\" alt=\"\" width=\"350\" height=\"354\" srcset=\"https:\/\/www.associationdemarie.org\/blog\/wp-content\/uploads\/2020\/12\/Petrus-Comestor-Bible-Jesus-guerit-un-lepreux-1372-02.jpg 350w, https:\/\/www.associationdemarie.org\/blog\/wp-content\/uploads\/2020\/12\/Petrus-Comestor-Bible-Jesus-guerit-un-lepreux-1372-02-297x300.jpg 297w\" sizes=\"auto, (max-width: 350px) 100vw, 350px\" \/><\/p>\n<p>Le regard de la foi chr\u00e9tienne a apport\u00e9 de nombreux bienfaits \u00e0 la cit\u00e9 des hommes pour leur vie en commun ! Gr\u00e2ce \u00e0 la foi, nous avons compris la dignit\u00e9 unique de chaque personne, qui n&rsquo;\u00e9tait pas si \u00e9vidente dans le monde antique. Au deuxi\u00e8me si\u00e8cle, le pa\u00efen Celse reprochait aux chr\u00e9tiens ce qui lui paraissait une illusion et une tromperie : penser que Dieu avait cr\u00e9\u00e9 le monde pour l&rsquo;homme, le pla\u00e7ant au sommet de tout le cosmos. (\u2026) Au centre de la foi biblique, se trouve l&rsquo;amour de Dieu, sa sollicitude concr\u00e8te pour chaque personne, son dessein de salut qui embrasse toute l&rsquo;humanit\u00e9 et la cr\u00e9ation tout enti\u00e8re, et qui atteint son sommet dans l&rsquo;incarnation, la mort et la r\u00e9surrection de J\u00e9sus Christ. Quand cette r\u00e9alit\u00e9 est assombrie, il vient \u00e0 manquer le crit\u00e8re pour discerner ce qui rend la vie de l&rsquo;homme pr\u00e9cieuse et unique. L&rsquo;homme perd sa place dans l&rsquo;univers et s&rsquo;\u00e9gare dans la nature en renon\u00e7ant \u00e0 sa responsabilit\u00e9 morale, ou bien il pr\u00e9tend \u00eatre arbitre absolu en s&rsquo;attribuant un pouvoir de manipulation sans limites.<\/p>\n<p>La foi (\u2026), en nous r\u00e9v\u00e9lant l&rsquo;amour du Dieu Cr\u00e9ateur, nous fait respecter davantage la nature, en nous faisant reconna\u00eetre en elle une grammaire \u00e9crite par lui et une demeure qu&rsquo;il nous confie, afin que nous en prenions soin et la gardions. Elle nous aide \u00e0 trouver des mod\u00e8les de d\u00e9veloppement qui ne se basent pas seulement sur l&rsquo;utilit\u00e9 et sur le profit, mais qui consid\u00e8rent la cr\u00e9ation comme un don dont nous sommes tous d\u00e9biteurs.<\/p>\n<h3 class=\"GospelCommentaryAuthor-name commentary-author font-2\">Pape Fran\u00e7ois<\/h3>\n<p>&nbsp;<\/p>\n<p>&nbsp;<\/p>\n","protected":false},"excerpt":{"rendered":"<p>Le regard de la foi chr\u00e9tienne a apport\u00e9 de nombreux bienfaits \u00e0 la cit\u00e9 des hommes pour leur vie en commun ! Gr\u00e2ce \u00e0 la foi, nous avons compris la dignit\u00e9 unique de chaque personne, qui n&rsquo;\u00e9tait pas si \u00e9vidente dans le monde antique. Au deuxi\u00e8me si\u00e8cle, le pa\u00efen Celse reprochait aux chr\u00e9tiens ce qui [&hellip;]<\/p>\n","protected":false},"author":2,"featured_media":0,"comment_status":"closed","ping_status":"closed","sticky":false,"template":"","format":"standard","meta":{"footnotes":""},"categories":[13,1261,16],"tags":[269,425,761],"class_list":["post-19628","post","type-post","status-publish","format-standard","hentry","category-ecritures","category-enseignement-2","category-jardins-de-la-bible","tag-creation","tag-foi","tag-pape-francois"],"_links":{"self":[{"href":"https:\/\/www.associationdemarie.org\/blog\/wp-json\/wp\/v2\/posts\/19628","targetHints":{"allow":["GET"]}}],"collection":[{"href":"https:\/\/www.associationdemarie.org\/blog\/wp-json\/wp\/v2\/posts"}],"about":[{"href":"https:\/\/www.associationdemarie.org\/blog\/wp-json\/wp\/v2\/types\/post"}],"author":[{"embeddable":true,"href":"https:\/\/www.associationdemarie.org\/blog\/wp-json\/wp\/v2\/users\/2"}],"replies":[{"embeddable":true,"href":"https:\/\/www.associationdemarie.org\/blog\/wp-json\/wp\/v2\/comments?post=19628"}],"version-history":[{"count":1,"href":"https:\/\/www.associationdemarie.org\/blog\/wp-json\/wp\/v2\/posts\/19628\/revisions"}],"predecessor-version":[{"id":19630,"href":"https:\/\/www.associationdemarie.org\/blog\/wp-json\/wp\/v2\/posts\/19628\/revisions\/19630"}],"wp:attachment":[{"href":"https:\/\/www.associationdemarie.org\/blog\/wp-json\/wp\/v2\/media?parent=19628"}],"wp:term":[{"taxonomy":"category","embeddable":true,"href":"https:\/\/www.associationdemarie.org\/blog\/wp-json\/wp\/v2\/categories?post=19628"},{"taxonomy":"post_tag","embeddable":true,"href":"https:\/\/www.associationdemarie.org\/blog\/wp-json\/wp\/v2\/tags?post=19628"}],"curies":[{"name":"wp","href":"https:\/\/api.w.org\/{rel}","templated":true}]}}