{"id":19614,"date":"2021-01-04T01:41:13","date_gmt":"2021-01-04T00:41:13","guid":{"rendered":"http:\/\/www.associationdemarie.org\/blog\/?p=19614"},"modified":"2021-01-04T10:21:55","modified_gmt":"2021-01-04T09:21:55","slug":"sur-ceux-qui-habitaient-dans-le-pays-de-lombre-et-de-la-mort-une-lumiere-sest-levee-6","status":"publish","type":"post","link":"https:\/\/www.associationdemarie.org\/blog\/sur-ceux-qui-habitaient-dans-le-pays-de-lombre-et-de-la-mort-une-lumiere-sest-levee-6\/","title":{"rendered":"\u00ab Sur ceux qui habitaient dans le pays de l&rsquo;ombre et de la mort, une lumi\u00e8re s&rsquo;est lev\u00e9e. \u00bb"},"content":{"rendered":"<p><img loading=\"lazy\" decoding=\"async\" class=\"aligncenter wp-image-19615\" src=\"https:\/\/www.associationdemarie.org\/blog\/wp-content\/uploads\/2020\/12\/ciel.jpg\" alt=\"\" width=\"517\" height=\"344\" srcset=\"https:\/\/www.associationdemarie.org\/blog\/wp-content\/uploads\/2020\/12\/ciel.jpg 600w, https:\/\/www.associationdemarie.org\/blog\/wp-content\/uploads\/2020\/12\/ciel-300x200.jpg 300w\" sizes=\"auto, (max-width: 517px) 100vw, 517px\" \/><\/p>\n<p>Tu t&rsquo;es manifest\u00e9 aujourd&rsquo;hui \u00e0 l&rsquo;univers, et ta lumi\u00e8re, Seigneur, nous est apparue. C&rsquo;est pourquoi, devant cette r\u00e9v\u00e9lation, nous te chantons : Tu es venu, tu t&rsquo;es manifest\u00e9, toi la lumi\u00e8re inaccessible ! (1Tm 6,16). (&#8230;)<\/p>\n<p>Dans la Galil\u00e9e des nations, dans le pays de Zabulon, dans la terre de Nephtali, comme dit le proph\u00e8te, le Christ, grande lumi\u00e8re, a resplendi (Is 8,23-9,1) ; pour ceux qui \u00e9taient dans les t\u00e9n\u00e8bres une grande clart\u00e9 a brill\u00e9, jaillissant de Bethl\u00e9em. Le Seigneur n\u00e9 de Marie, le Soleil de justice, r\u00e9pand ses rayons sur l&rsquo;univers entier (Ml 3,20). Nous, les fils d&rsquo;Adam qui sommes nus, venons, rev\u00eatons-le pour nous r\u00e9chauffer. C&rsquo;est pour v\u00eatir ceux qui sont nus, illuminer ceux qui sont dans les t\u00e9n\u00e8bres, que tu t&rsquo;es manifest\u00e9, toi la lumi\u00e8re inaccessible.<\/p>\n<p>Dieu n&rsquo;a pas m\u00e9pris\u00e9 celui qui, par ruse, a \u00e9t\u00e9 d\u00e9pouill\u00e9 de ses v\u00eatements dans le Paradis et a perdu la robe tiss\u00e9e des mains de Dieu. Il revient vers lui et de sa voix sainte appelle celui qui lui a d\u00e9sob\u00e9i : \u00ab Adam, o\u00f9 es-tu ? (Gn 3,9) Cesse de te cacher de moi. Si nu, si pauvre que tu sois, je veux te voir. N&rsquo;aie pas peur, je me suis fait semblable \u00e0 toi. Tu d\u00e9sirais devenir dieu (Gn 3,5) et tu n&rsquo;as pas pu. Maintenant, parce que je l&rsquo;ai voulu, je me suis fait chair. Avance donc, reconnais-moi et dis : Tu es venu, tu t&rsquo;es manifest\u00e9, toi la lumi\u00e8re inaccessible. \u00bb (&#8230;)<\/p>\n<p>Chante, chante, Adam ; adore celui qui vient \u00e0 toi. Alors que tu t&rsquo;\u00e9loignais, il s&rsquo;est manifest\u00e9 \u00e0 toi pour se faire voir, toucher, accueillir. Celui que tu avais craint quand tu as \u00e9t\u00e9 tromp\u00e9 par le d\u00e9mon, pour toi s&rsquo;est fait semblable \u00e0 toi. Il est descendu sur la terre pour te prendre aux cieux ; il est devenu mortel pour que toi tu deviennes Dieu et que tu recouvres ta premi\u00e8re beaut\u00e9. Voulant t&rsquo;ouvrir les portes de l&rsquo;\u00c9den, il a habit\u00e9 Nazareth. Pour tout cela, chante, homme, chante et loue celui qui s&rsquo;est manifest\u00e9 et qui a illumin\u00e9 tout univers.<\/p>\n<h3 class=\"GospelCommentaryAuthor-name commentary-author font-2\">Saint Romanos le M\u00e9lode (?-v. 560)<\/h3>\n<p>&nbsp;<\/p>\n<p>&nbsp;<\/p>\n<p>&nbsp;<\/p>\n","protected":false},"excerpt":{"rendered":"<p>Tu t&rsquo;es manifest\u00e9 aujourd&rsquo;hui \u00e0 l&rsquo;univers, et ta lumi\u00e8re, Seigneur, nous est apparue. C&rsquo;est pourquoi, devant cette r\u00e9v\u00e9lation, nous te chantons : Tu es venu, tu t&rsquo;es manifest\u00e9, toi la lumi\u00e8re inaccessible ! (1Tm 6,16). (&#8230;) Dans la Galil\u00e9e des nations, dans le pays de Zabulon, dans la terre de Nephtali, comme dit le proph\u00e8te, [&hellip;]<\/p>\n","protected":false},"author":2,"featured_media":0,"comment_status":"closed","ping_status":"closed","sticky":false,"template":"","format":"standard","meta":{"footnotes":""},"categories":[13,1261],"tags":[40,600,1077],"class_list":["post-19614","post","type-post","status-publish","format-standard","hentry","category-ecritures","category-enseignement-2","tag-adam","tag-lumiere","tag-st-romanos-le-melode"],"_links":{"self":[{"href":"https:\/\/www.associationdemarie.org\/blog\/wp-json\/wp\/v2\/posts\/19614","targetHints":{"allow":["GET"]}}],"collection":[{"href":"https:\/\/www.associationdemarie.org\/blog\/wp-json\/wp\/v2\/posts"}],"about":[{"href":"https:\/\/www.associationdemarie.org\/blog\/wp-json\/wp\/v2\/types\/post"}],"author":[{"embeddable":true,"href":"https:\/\/www.associationdemarie.org\/blog\/wp-json\/wp\/v2\/users\/2"}],"replies":[{"embeddable":true,"href":"https:\/\/www.associationdemarie.org\/blog\/wp-json\/wp\/v2\/comments?post=19614"}],"version-history":[{"count":3,"href":"https:\/\/www.associationdemarie.org\/blog\/wp-json\/wp\/v2\/posts\/19614\/revisions"}],"predecessor-version":[{"id":19697,"href":"https:\/\/www.associationdemarie.org\/blog\/wp-json\/wp\/v2\/posts\/19614\/revisions\/19697"}],"wp:attachment":[{"href":"https:\/\/www.associationdemarie.org\/blog\/wp-json\/wp\/v2\/media?parent=19614"}],"wp:term":[{"taxonomy":"category","embeddable":true,"href":"https:\/\/www.associationdemarie.org\/blog\/wp-json\/wp\/v2\/categories?post=19614"},{"taxonomy":"post_tag","embeddable":true,"href":"https:\/\/www.associationdemarie.org\/blog\/wp-json\/wp\/v2\/tags?post=19614"}],"curies":[{"name":"wp","href":"https:\/\/api.w.org\/{rel}","templated":true}]}}