{"id":19560,"date":"2020-12-21T01:35:49","date_gmt":"2020-12-21T00:35:49","guid":{"rendered":"http:\/\/www.associationdemarie.org\/blog\/?p=19560"},"modified":"2020-12-01T08:52:14","modified_gmt":"2020-12-01T07:52:14","slug":"lenfant-a-tressailli-dallegresse-au-dedans-de-moi-2","status":"publish","type":"post","link":"https:\/\/www.associationdemarie.org\/blog\/lenfant-a-tressailli-dallegresse-au-dedans-de-moi-2\/","title":{"rendered":"\u00ab L&rsquo;enfant a tressailli d&rsquo;all\u00e9gresse au-dedans de moi. \u00bb"},"content":{"rendered":"<p><img loading=\"lazy\" decoding=\"async\" class=\"aligncenter wp-image-19561\" src=\"https:\/\/www.associationdemarie.org\/blog\/wp-content\/uploads\/2020\/11\/660c6-icoon_kleur_2.jpg\" alt=\"\" width=\"383\" height=\"500\" srcset=\"https:\/\/www.associationdemarie.org\/blog\/wp-content\/uploads\/2020\/11\/660c6-icoon_kleur_2.jpg 1227w, https:\/\/www.associationdemarie.org\/blog\/wp-content\/uploads\/2020\/11\/660c6-icoon_kleur_2-230x300.jpg 230w, https:\/\/www.associationdemarie.org\/blog\/wp-content\/uploads\/2020\/11\/660c6-icoon_kleur_2-768x1001.jpg 768w, https:\/\/www.associationdemarie.org\/blog\/wp-content\/uploads\/2020\/11\/660c6-icoon_kleur_2-785x1024.jpg 785w\" sizes=\"auto, (max-width: 383px) 100vw, 383px\" \/><\/p>\n<p>Portant le Seigneur dans son sein, Marie partit en h\u00e2te chez \u00c9lisabeth. Lorsqu&rsquo;il reconnut la salutation de Marie, l&rsquo;enfant se r\u00e9jouit aussit\u00f4t, bondissant d&rsquo;all\u00e9gresse comme pour chanter \u00e0 la M\u00e8re de Dieu :<\/p>\n<p>R\u00e9jouis-toi, bourgeon qui donne la fleur immortelle<br \/>\nR\u00e9jouis-toi, verger qui porte un fruit de vie<br \/>\nR\u00e9jouis-toi, jardin du Seigneur, ami des hommes (Sg 1,6)<br \/>\nR\u00e9jouis-toi, semis de la croissance de notre vie<br \/>\nR\u00e9jouis-toi, champ qui produis l&rsquo;abondance du rachat<br \/>\nR\u00e9jouis-toi, table sainte de la r\u00e9conciliation pour le p\u00e9ch\u00e9<br \/>\nR\u00e9jouis-toi, car tu plantes pour nous un jardin de beaut\u00e9<br \/>\nR\u00e9jouis-toi, car tu pr\u00e9pares pour nos \u00e2mes un havre de paix<br \/>\nR\u00e9jouis-toi, encens d&rsquo;une offrande qui pla\u00eet \u00e0 Dieu (Gn 8,21)<br \/>\nR\u00e9jouis-toi, en qui tout l&rsquo;univers est r\u00e9concili\u00e9<br \/>\nR\u00e9jouis-toi, gr\u00e2ce de Dieu pour tous les hommes<br \/>\nR\u00e9jouis-toi, notre avocate aupr\u00e8s du Seigneur<br \/>\nR\u00e9jouis-toi, \u00c9pouse in\u00e9pous\u00e9e !<\/p>\n<p>L&rsquo;\u00e2me secou\u00e9e par une temp\u00eate de pens\u00e9es, Joseph le prudent se troubla profond\u00e9ment, car il connaissait ta virginit\u00e9 et te soup\u00e7onne maintenant, \u00f4 m\u00e8re immacul\u00e9e. Mais apprenant que ce qui avait \u00e9t\u00e9 engendr\u00e9 en toi venait de l&rsquo;Esprit Saint (Mt 1,20), il s&rsquo;\u00e9cria : \u00ab All\u00e9luia, all\u00e9luia, all\u00e9luia \u00bb.<\/p>\n<p>Les bergers, entendant les anges qui chantaient l&rsquo;incarnation du Christ, coururent vers leur Bon Pasteur pour contempler l&rsquo;Agneau nouveau-n\u00e9 reposant sur le sein de Marie. Ils exult\u00e8rent en chantant :<\/p>\n<p>R\u00e9jouis-toi, m\u00e8re de l&rsquo;Agneau et du Bon Pasteur (Jn 1,29; 10,14)<br \/>\nR\u00e9jouis-toi, bercail des brebis rassembl\u00e9es (Jn 10,16)<br \/>\nR\u00e9jouis-toi, protection contre les loups ravisseurs (v. 12)<br \/>\nR\u00e9jouis-toi, tu ouvres les portes du paradis<br \/>\nR\u00e9jouis-toi, puisque les cieux se r\u00e9jouissent avec la terre (Lc 2,14)<br \/>\nR\u00e9jouis-toi, puisque les hommes exultent avec les anges<br \/>\nR\u00e9jouis-toi, tu donnes l&rsquo;assurance \u00e0 la parole des ap\u00f4tres<br \/>\nR\u00e9jouis-toi, tu donnes la force au t\u00e9moignage des martyrs<br \/>\nR\u00e9jouis-toi, colonne in\u00e9branlable qui soutiens notre foi<br \/>\nR\u00e9jouis-toi, tu sais la splendeur de la gr\u00e2ce<br \/>\nR\u00e9jouis-toi, par qui l&rsquo;enfer est d\u00e9pouill\u00e9<br \/>\nR\u00e9jouis-toi, par qui nous sommes rev\u00eatus de gloire<br \/>\nR\u00e9jouis-toi, \u00c9pouse in\u00e9pous\u00e9e ! (&#8230;)<\/p>\n<p>Quand nous contemplons cet enfantement inhabituel, nous devenons \u00e9trangers \u00e0 notre monde habituel et notre esprit se tourne vers les r\u00e9alit\u00e9s d&rsquo;en haut, car le Tr\u00e8s-Haut s&rsquo;est r\u00e9v\u00e9l\u00e9 aux hommes dans l&rsquo;abaissement pour \u00e9lever tous ceux qui lui chantent : \u00ab All\u00e9luia, all\u00e9luia, all\u00e9luia \u00bb.<\/p>\n<h3 class=\"GospelCommentaryAuthor-name commentary-author font-2\">Liturgie byzantine<\/h3>\n<p>&nbsp;<\/p>\n<p><img loading=\"lazy\" decoding=\"async\" class=\"aligncenter  wp-image-19565\" src=\"https:\/\/www.associationdemarie.org\/blog\/wp-content\/uploads\/2020\/12\/unnamed.gif\" alt=\"\" width=\"419\" height=\"126\" \/><\/p>\n<p>&nbsp;<\/p>\n<p>&nbsp;<\/p>\n<p>&nbsp;<\/p>\n","protected":false},"excerpt":{"rendered":"<p>Portant le Seigneur dans son sein, Marie partit en h\u00e2te chez \u00c9lisabeth. Lorsqu&rsquo;il reconnut la salutation de Marie, l&rsquo;enfant se r\u00e9jouit aussit\u00f4t, bondissant d&rsquo;all\u00e9gresse comme pour chanter \u00e0 la M\u00e8re de Dieu : R\u00e9jouis-toi, bourgeon qui donne la fleur immortelle R\u00e9jouis-toi, verger qui porte un fruit de vie R\u00e9jouis-toi, jardin du Seigneur, ami des hommes [&hellip;]<\/p>\n","protected":false},"author":2,"featured_media":0,"comment_status":"closed","ping_status":"closed","sticky":false,"template":"","format":"standard","meta":{"footnotes":""},"categories":[3,26,28],"tags":[127,585,1195],"class_list":["post-19560","post","type-post","status-publish","format-standard","hentry","category-liturgique","category-priere-des-ames","category-saints-et-saintes","tag-avent","tag-liturgie","tag-visitation"],"_links":{"self":[{"href":"https:\/\/www.associationdemarie.org\/blog\/wp-json\/wp\/v2\/posts\/19560","targetHints":{"allow":["GET"]}}],"collection":[{"href":"https:\/\/www.associationdemarie.org\/blog\/wp-json\/wp\/v2\/posts"}],"about":[{"href":"https:\/\/www.associationdemarie.org\/blog\/wp-json\/wp\/v2\/types\/post"}],"author":[{"embeddable":true,"href":"https:\/\/www.associationdemarie.org\/blog\/wp-json\/wp\/v2\/users\/2"}],"replies":[{"embeddable":true,"href":"https:\/\/www.associationdemarie.org\/blog\/wp-json\/wp\/v2\/comments?post=19560"}],"version-history":[{"count":2,"href":"https:\/\/www.associationdemarie.org\/blog\/wp-json\/wp\/v2\/posts\/19560\/revisions"}],"predecessor-version":[{"id":19568,"href":"https:\/\/www.associationdemarie.org\/blog\/wp-json\/wp\/v2\/posts\/19560\/revisions\/19568"}],"wp:attachment":[{"href":"https:\/\/www.associationdemarie.org\/blog\/wp-json\/wp\/v2\/media?parent=19560"}],"wp:term":[{"taxonomy":"category","embeddable":true,"href":"https:\/\/www.associationdemarie.org\/blog\/wp-json\/wp\/v2\/categories?post=19560"},{"taxonomy":"post_tag","embeddable":true,"href":"https:\/\/www.associationdemarie.org\/blog\/wp-json\/wp\/v2\/tags?post=19560"}],"curies":[{"name":"wp","href":"https:\/\/api.w.org\/{rel}","templated":true}]}}