{"id":19557,"date":"2020-12-20T01:10:04","date_gmt":"2020-12-20T00:10:04","guid":{"rendered":"http:\/\/www.associationdemarie.org\/blog\/?p=19557"},"modified":"2020-11-29T09:13:27","modified_gmt":"2020-11-29T08:13:27","slug":"il-regnera-pour-toujours-sur-la-maison-de-jacob-et-son-regne-naura-pas-de-fin","status":"publish","type":"post","link":"https:\/\/www.associationdemarie.org\/blog\/il-regnera-pour-toujours-sur-la-maison-de-jacob-et-son-regne-naura-pas-de-fin\/","title":{"rendered":"\u00ab Il r\u00e9gnera pour toujours sur la maison de Jacob, et son r\u00e8gne n&rsquo;aura pas de fin. \u00bb"},"content":{"rendered":"<p><img loading=\"lazy\" decoding=\"async\" class=\"aligncenter  wp-image-19558\" src=\"https:\/\/www.associationdemarie.org\/blog\/wp-content\/uploads\/2020\/11\/ciric_146973-620x349.jpg\" alt=\"\" width=\"368\" height=\"207\" srcset=\"https:\/\/www.associationdemarie.org\/blog\/wp-content\/uploads\/2020\/11\/ciric_146973-620x349.jpg 620w, https:\/\/www.associationdemarie.org\/blog\/wp-content\/uploads\/2020\/11\/ciric_146973-620x349-300x169.jpg 300w\" sizes=\"auto, (max-width: 368px) 100vw, 368px\" \/><\/p>\n<p>\u00ab L&rsquo;ange Gabriel fut envoy\u00e9 par Dieu dans une ville de Galil\u00e9e, appel\u00e9e Nazareth, \u00e0 une jeune fille, une vierge, accord\u00e9e en mariage \u00e0 un homme de la maison de David, appel\u00e9 Joseph ; et le nom de la jeune fille \u00e9tait Marie. \u00bb Ce qui est dit de la maison de David ne concerne pas seulement Joseph, mais aussi Marie. Car la Loi prescrivait que chacun devait \u00e9pouser une femme de sa tribu et de sa famille, au t\u00e9moignage de l&rsquo;ap\u00f4tre Paul, qui \u00e9crit \u00e0 Timoth\u00e9e : \u00ab Souviens-toi de J\u00e9sus Christ, le descendant de David : il est ressuscit\u00e9 d&rsquo;entre les morts, voil\u00e0 mon \u00e9vangile \u00bb (2Tm 2,8). (&#8230;)<\/p>\n<p>\u00ab Il sera grand, il sera appel\u00e9 Fils du Tr\u00e8s-Haut. Le Seigneur Dieu lui donnera le tr\u00f4ne de David son p\u00e8re. \u00bb Le tr\u00f4ne de David d\u00e9signe ici le pouvoir sur le peuple d&rsquo;Isra\u00ebl, que David gouverna en son temps avec un z\u00e8le plein de foi (&#8230;). Ce peuple, que David dirigea par son pouvoir temporel, le Christ va l&rsquo;entra\u00eener par une gr\u00e2ce spirituelle vers le royaume \u00e9ternel (&#8230;).<\/p>\n<p>\u00ab Il r\u00e9gnera pour toujours sur la maison de Jacob. \u00bb La maison de Jacob d\u00e9signe l&rsquo;\u00c9glise universelle qui, par la foi et le t\u00e9moignage rendus au Christ, se rattache \u00e0 la destin\u00e9e des patriarches, soit chez ceux qui ont tir\u00e9 leur origine charnelle de leur souche, soit chez ceux qui, n\u00e9s charnellement d&rsquo;une autre nation, sont ren\u00e9s dans le Christ, par le bapt\u00eame dans l&rsquo;Esprit. C&rsquo;est sur cette maison de Jacob qu&rsquo;il r\u00e9gnera \u00e9ternellement : \u00ab et son r\u00e8gne n&rsquo;aura pas de fin \u00bb. Oui, il r\u00e8gne sur elle dans la vie pr\u00e9sente, lorsqu&rsquo;il gouverne le c\u0153ur des \u00e9lus o\u00f9 il habite, par leur foi et leur amour envers lui ; et il les gouverne par sa continuelle protection, pour leur faire parvenir les dons de la r\u00e9tribution c\u00e9leste ; il r\u00e8gne dans l&rsquo;avenir, lorsque, une fois achev\u00e9 l&rsquo;\u00e9tat de l&rsquo;exil temporel, il les introduit dans le s\u00e9jour de la patrie c\u00e9leste. Et l\u00e0, ils se r\u00e9jouissent de ce que sa pr\u00e9sence visible leur rappelle continuellement qu&rsquo;ils n&rsquo;ont rien \u00e0 faire d&rsquo;autre que de chanter ses louanges.<\/p>\n<h3 class=\"GospelCommentaryAuthor-name commentary-author font-2\">Saint B\u00e8de le V\u00e9n\u00e9rable (v. 673-735)<\/h3>\n<p>&nbsp;<\/p>\n<p>&nbsp;<\/p>\n","protected":false},"excerpt":{"rendered":"<p>\u00ab L&rsquo;ange Gabriel fut envoy\u00e9 par Dieu dans une ville de Galil\u00e9e, appel\u00e9e Nazareth, \u00e0 une jeune fille, une vierge, accord\u00e9e en mariage \u00e0 un homme de la maison de David, appel\u00e9 Joseph ; et le nom de la jeune fille \u00e9tait Marie. \u00bb Ce qui est dit de la maison de David ne concerne [&hellip;]<\/p>\n","protected":false},"author":2,"featured_media":0,"comment_status":"closed","ping_status":"closed","sticky":false,"template":"","format":"standard","meta":{"footnotes":""},"categories":[3,28],"tags":[127,513,614,875,1015],"class_list":["post-19557","post","type-post","status-publish","format-standard","hentry","category-liturgique","category-saints-et-saintes","tag-avent","tag-jacob","tag-maison-de-david","tag-regne-de-dieu","tag-st-bede"],"_links":{"self":[{"href":"https:\/\/www.associationdemarie.org\/blog\/wp-json\/wp\/v2\/posts\/19557","targetHints":{"allow":["GET"]}}],"collection":[{"href":"https:\/\/www.associationdemarie.org\/blog\/wp-json\/wp\/v2\/posts"}],"about":[{"href":"https:\/\/www.associationdemarie.org\/blog\/wp-json\/wp\/v2\/types\/post"}],"author":[{"embeddable":true,"href":"https:\/\/www.associationdemarie.org\/blog\/wp-json\/wp\/v2\/users\/2"}],"replies":[{"embeddable":true,"href":"https:\/\/www.associationdemarie.org\/blog\/wp-json\/wp\/v2\/comments?post=19557"}],"version-history":[{"count":1,"href":"https:\/\/www.associationdemarie.org\/blog\/wp-json\/wp\/v2\/posts\/19557\/revisions"}],"predecessor-version":[{"id":19559,"href":"https:\/\/www.associationdemarie.org\/blog\/wp-json\/wp\/v2\/posts\/19557\/revisions\/19559"}],"wp:attachment":[{"href":"https:\/\/www.associationdemarie.org\/blog\/wp-json\/wp\/v2\/media?parent=19557"}],"wp:term":[{"taxonomy":"category","embeddable":true,"href":"https:\/\/www.associationdemarie.org\/blog\/wp-json\/wp\/v2\/categories?post=19557"},{"taxonomy":"post_tag","embeddable":true,"href":"https:\/\/www.associationdemarie.org\/blog\/wp-json\/wp\/v2\/tags?post=19557"}],"curies":[{"name":"wp","href":"https:\/\/api.w.org\/{rel}","templated":true}]}}