{"id":19539,"date":"2020-12-14T01:22:27","date_gmt":"2020-12-14T00:22:27","guid":{"rendered":"http:\/\/www.associationdemarie.org\/blog\/?p=19539"},"modified":"2020-11-23T11:24:39","modified_gmt":"2020-11-23T10:24:39","slug":"le-temoin-de-dieu","status":"publish","type":"post","link":"https:\/\/www.associationdemarie.org\/blog\/le-temoin-de-dieu\/","title":{"rendered":"Le t\u00e9moin de Dieu"},"content":{"rendered":"<p><img loading=\"lazy\" decoding=\"async\" class=\"aligncenter  wp-image-19540\" src=\"https:\/\/www.associationdemarie.org\/blog\/wp-content\/uploads\/2020\/11\/Bapteme_de_Jesus_par_Saint_Jean-Baptiste-1.jpg\" alt=\"\" width=\"346\" height=\"285\" \/><\/p>\n<p>Toute cr\u00e9ature est faite pour rendre t\u00e9moignage \u00e0 Dieu puisque toute cr\u00e9ature est comme une preuve de sa bont\u00e9. La grandeur de la cr\u00e9ation t\u00e9moigne \u00e0 sa mani\u00e8re de la force et de la toute-puissance divines, et sa beaut\u00e9 t\u00e9moigne de la divine sagesse. Certains hommes re\u00e7oivent de Dieu une mission sp\u00e9ciale : ils rendent t\u00e9moignage \u00e0 Dieu non seulement \u00e0 un point de vue naturel, par le fait qu&rsquo;ils existent, mais bien plut\u00f4t de mani\u00e8re spirituelle, par leurs bonnes \u0153uvres. (&#8230;) Cependant ceux qui, non contents de recevoir les dons divins et de bien agir par la gr\u00e2ce de Dieu, communiquent ces dons \u00e0 d&rsquo;autres par la parole, les encouragements et les exhortations, ceux-l\u00e0 sont plus sp\u00e9cialement encore des t\u00e9moins de Dieu. Jean est un de ces t\u00e9moins ; il est venu pour r\u00e9pandre les dons de Dieu et annoncer ses louanges.<\/p>\n<p>Cette mission de Jean, ce r\u00f4le de t\u00e9moin est d&rsquo;une grandeur incomparable, car nul ne peut rendre t\u00e9moignage \u00e0 une r\u00e9alit\u00e9 que dans la mesure o\u00f9 il y participe. J\u00e9sus disait : \u00ab Nous parlons de ce que nous savons et nous attestons ce que nous avons vu \u00bb (Jn 3,11). Rendre t\u00e9moignage \u00e0 la v\u00e9rit\u00e9 divine, cela suppose que l&rsquo;on conna\u00eet cette v\u00e9rit\u00e9. C&rsquo;est pourquoi le Christ, lui aussi, a eu ce r\u00f4le de t\u00e9moin. \u00ab Je suis venu en ce monde et je suis n\u00e9 pour rendre t\u00e9moignage \u00e0 la v\u00e9rit\u00e9 \u00bb (Jn 18,37). Mais le Christ et Jean avaient ce r\u00f4le de mani\u00e8re diff\u00e9rente. Le Christ poss\u00e9dait cette lumi\u00e8re en lui-m\u00eame ; bien plus, il \u00e9tait cette lumi\u00e8re ; tandis que Jean y participait seulement. C&rsquo;est pourquoi le Christ rend un t\u00e9moignage complet, il manifeste parfaitement la v\u00e9rit\u00e9. Jean et les autres saints ne le font que dans la mesure o\u00f9 ils re\u00e7oivent cette v\u00e9rit\u00e9.<\/p>\n<p>Mission sublime de Jean : elle implique sa participation \u00e0 la lumi\u00e8re de Dieu et sa ressemblance avec le Christ qui s&rsquo;est acquitt\u00e9, lui aussi, de cette mission.<\/p>\n<h3 class=\"GospelCommentaryAuthor-name commentary-author font-2\">Saint Thomas d&rsquo;Aquin (1225-1274)<\/h3>\n<p>&nbsp;<\/p>\n<p>&nbsp;<\/p>\n","protected":false},"excerpt":{"rendered":"<p>Toute cr\u00e9ature est faite pour rendre t\u00e9moignage \u00e0 Dieu puisque toute cr\u00e9ature est comme une preuve de sa bont\u00e9. La grandeur de la cr\u00e9ation t\u00e9moigne \u00e0 sa mani\u00e8re de la force et de la toute-puissance divines, et sa beaut\u00e9 t\u00e9moigne de la divine sagesse. Certains hommes re\u00e7oivent de Dieu une mission sp\u00e9ciale : ils rendent [&hellip;]<\/p>\n","protected":false},"author":2,"featured_media":0,"comment_status":"closed","ping_status":"closed","sticky":false,"template":"","format":"standard","meta":{"footnotes":""},"categories":[28],"tags":[127,1042,1082],"class_list":["post-19539","post","type-post","status-publish","format-standard","hentry","category-saints-et-saintes","tag-avent","tag-st-jean-baptiste","tag-st-thomas-daquin"],"_links":{"self":[{"href":"https:\/\/www.associationdemarie.org\/blog\/wp-json\/wp\/v2\/posts\/19539","targetHints":{"allow":["GET"]}}],"collection":[{"href":"https:\/\/www.associationdemarie.org\/blog\/wp-json\/wp\/v2\/posts"}],"about":[{"href":"https:\/\/www.associationdemarie.org\/blog\/wp-json\/wp\/v2\/types\/post"}],"author":[{"embeddable":true,"href":"https:\/\/www.associationdemarie.org\/blog\/wp-json\/wp\/v2\/users\/2"}],"replies":[{"embeddable":true,"href":"https:\/\/www.associationdemarie.org\/blog\/wp-json\/wp\/v2\/comments?post=19539"}],"version-history":[{"count":1,"href":"https:\/\/www.associationdemarie.org\/blog\/wp-json\/wp\/v2\/posts\/19539\/revisions"}],"predecessor-version":[{"id":19541,"href":"https:\/\/www.associationdemarie.org\/blog\/wp-json\/wp\/v2\/posts\/19539\/revisions\/19541"}],"wp:attachment":[{"href":"https:\/\/www.associationdemarie.org\/blog\/wp-json\/wp\/v2\/media?parent=19539"}],"wp:term":[{"taxonomy":"category","embeddable":true,"href":"https:\/\/www.associationdemarie.org\/blog\/wp-json\/wp\/v2\/categories?post=19539"},{"taxonomy":"post_tag","embeddable":true,"href":"https:\/\/www.associationdemarie.org\/blog\/wp-json\/wp\/v2\/tags?post=19539"}],"curies":[{"name":"wp","href":"https:\/\/api.w.org\/{rel}","templated":true}]}}