{"id":19523,"date":"2020-12-09T01:55:20","date_gmt":"2020-12-09T00:55:20","guid":{"rendered":"http:\/\/www.associationdemarie.org\/blog\/?p=19523"},"modified":"2020-11-18T09:57:33","modified_gmt":"2020-11-18T08:57:33","slug":"venez-a-moi-car-je-suis-doux-et-humble-de-coeur","status":"publish","type":"post","link":"https:\/\/www.associationdemarie.org\/blog\/venez-a-moi-car-je-suis-doux-et-humble-de-coeur\/","title":{"rendered":"\u00ab Venez \u00e0 moi&#8230;, car je suis doux et humble de c\u0153ur. \u00bb"},"content":{"rendered":"<p><img loading=\"lazy\" decoding=\"async\" class=\"aligncenter  wp-image-19524\" src=\"https:\/\/www.associationdemarie.org\/blog\/wp-content\/uploads\/2020\/11\/arton2491.jpg\" alt=\"\" width=\"372\" height=\"164\" srcset=\"https:\/\/www.associationdemarie.org\/blog\/wp-content\/uploads\/2020\/11\/arton2491.jpg 680w, https:\/\/www.associationdemarie.org\/blog\/wp-content\/uploads\/2020\/11\/arton2491-300x132.jpg 300w\" sizes=\"auto, (max-width: 372px) 100vw, 372px\" \/><\/p>\n<p>Le troisi\u00e8me av\u00e8nement du Christ appartient encore \u00e0 l&rsquo;avenir. Il aura lieu, soit au Jugement, soit \u00e0 l&rsquo;heure de la mort. (&#8230;)<\/p>\n<p>Le jugement du Christ est \u00e9quitable car il est le Fils de l&rsquo;homme et la sagesse du P\u00e8re, \u00e0 laquelle appartient tout jugement. Tous les c\u0153urs en effet lui sont transparents et manifestes, au ciel, sur terre et aux enfers. (&#8230;) Le mode que le Christ, notre \u00e9poux et juge, emprunte lors de ce jugement, consiste \u00e0 r\u00e9compenser et \u00e0 punir selon la justice, car il donne \u00e0 chacun selon ses m\u00e9rites. \u00c0 tout homme bon, et pour chaque \u0153uvre bonne produite en Dieu, il accorde la r\u00e9compense sans mesure qu&rsquo;il est lui-m\u00eame et qu&rsquo;aucune cr\u00e9ature ne saurait m\u00e9riter. En effet, puisqu&rsquo;il collabore \u00e0 chaque \u0153uvre de la cr\u00e9ature, c&rsquo;est gr\u00e2ce \u00e0 la puissance de celui-ci que la cr\u00e9ature m\u00e9rite le Christ lui-m\u00eame en r\u00e9compense, et cela en toute \u00e9quit\u00e9. (&#8230;)<\/p>\n<p>Le premier av\u00e8nement, en lequel Dieu s&rsquo;est fait homme, a v\u00e9cu en humilit\u00e9 et est mort par amour pour nous, il nous faut le suivre au-dehors avec les m\u0153urs parfaites des vertus, au-dedans avec la charit\u00e9 et une vraie humilit\u00e9. Le deuxi\u00e8me av\u00e8nement, qui est actuel et en lequel Dieu vient avec la gr\u00e2ce en tout c\u0153ur qui aime, il nous faut le d\u00e9sirer et le demander tous les jours, afin de demeurer debout et de cro\u00eetre en nouvelles vertus. Le troisi\u00e8me av\u00e8nement, qui est celui du Jugement ou de l&rsquo;heure de notre mort, il nous faut l&rsquo;attendre et le d\u00e9sirer, avec confiance et respect, pour \u00eatre d\u00e9livr\u00e9s de l&rsquo;exil pr\u00e9sent et p\u00e9n\u00e9trer dans la demeure de la gloire.<\/p>\n<h3 class=\"GospelCommentaryAuthor-name commentary-author font-2\">Bienheureux Jan van Ruusbroec (1293-1381)<\/h3>\n<p>&nbsp;<\/p>\n<p>&nbsp;<\/p>\n<p>&nbsp;<\/p>\n","protected":false},"excerpt":{"rendered":"<p>Le troisi\u00e8me av\u00e8nement du Christ appartient encore \u00e0 l&rsquo;avenir. Il aura lieu, soit au Jugement, soit \u00e0 l&rsquo;heure de la mort. (&#8230;) Le jugement du Christ est \u00e9quitable car il est le Fils de l&rsquo;homme et la sagesse du P\u00e8re, \u00e0 laquelle appartient tout jugement. Tous les c\u0153urs en effet lui sont transparents et manifestes, [&hellip;]<\/p>\n","protected":false},"author":2,"featured_media":0,"comment_status":"closed","ping_status":"closed","sticky":false,"template":"","format":"standard","meta":{"footnotes":""},"categories":[13,1261],"tags":[1394,156,553,775],"class_list":["post-19523","post","type-post","status-publish","format-standard","hentry","category-ecritures","category-enseignement-2","tag-avenement","tag-bienheureux-jan-van-ruusbroec","tag-jugement","tag-parousie"],"_links":{"self":[{"href":"https:\/\/www.associationdemarie.org\/blog\/wp-json\/wp\/v2\/posts\/19523","targetHints":{"allow":["GET"]}}],"collection":[{"href":"https:\/\/www.associationdemarie.org\/blog\/wp-json\/wp\/v2\/posts"}],"about":[{"href":"https:\/\/www.associationdemarie.org\/blog\/wp-json\/wp\/v2\/types\/post"}],"author":[{"embeddable":true,"href":"https:\/\/www.associationdemarie.org\/blog\/wp-json\/wp\/v2\/users\/2"}],"replies":[{"embeddable":true,"href":"https:\/\/www.associationdemarie.org\/blog\/wp-json\/wp\/v2\/comments?post=19523"}],"version-history":[{"count":1,"href":"https:\/\/www.associationdemarie.org\/blog\/wp-json\/wp\/v2\/posts\/19523\/revisions"}],"predecessor-version":[{"id":19525,"href":"https:\/\/www.associationdemarie.org\/blog\/wp-json\/wp\/v2\/posts\/19523\/revisions\/19525"}],"wp:attachment":[{"href":"https:\/\/www.associationdemarie.org\/blog\/wp-json\/wp\/v2\/media?parent=19523"}],"wp:term":[{"taxonomy":"category","embeddable":true,"href":"https:\/\/www.associationdemarie.org\/blog\/wp-json\/wp\/v2\/categories?post=19523"},{"taxonomy":"post_tag","embeddable":true,"href":"https:\/\/www.associationdemarie.org\/blog\/wp-json\/wp\/v2\/tags?post=19523"}],"curies":[{"name":"wp","href":"https:\/\/api.w.org\/{rel}","templated":true}]}}