{"id":19509,"date":"2020-12-06T01:41:27","date_gmt":"2020-12-06T00:41:27","guid":{"rendered":"http:\/\/www.associationdemarie.org\/blog\/?p=19509"},"modified":"2020-11-15T09:43:42","modified_gmt":"2020-11-15T08:43:42","slug":"deuxieme-dimanche-de-lavent-3","status":"publish","type":"post","link":"https:\/\/www.associationdemarie.org\/blog\/deuxieme-dimanche-de-lavent-3\/","title":{"rendered":"Deuxi\u00e8me dimanche de l&rsquo;Avent"},"content":{"rendered":"<p><img loading=\"lazy\" decoding=\"async\" class=\"aligncenter  wp-image-19510\" src=\"https:\/\/www.associationdemarie.org\/blog\/wp-content\/uploads\/2020\/11\/Unknown.jpeg\" alt=\"\" width=\"262\" height=\"370\" \/><\/p>\n<p>[\u00ab J\u00e9sus vient \u00e0 Jean pour se faire baptiser par lui. Jean voulait l&rsquo;en emp\u00eacher et disait : \u2018C&rsquo;est moi qui ai besoin de me faire baptiser par toi !\u2019 \u00bb (Mt 3,13-14)] En ta pr\u00e9sence, Seigneur J\u00e9sus, je ne peux pas me taire, car \u00ab je suis la voix, la voix qui crie \u00e0 travers le d\u00e9sert : Pr\u00e9parez le chemin du Seigneur. C&rsquo;est moi qui ai besoin de me faire baptiser par toi, et c&rsquo;est toi qui viens \u00e0 moi ! \u00bb (&#8230;) Tu \u00e9tais au commencement, tu \u00e9tais aupr\u00e8s de Dieu, et tu \u00e9tais Dieu (Jn 1,1) ; toi qui es le reflet resplendissant de la gloire du P\u00e8re, toi qui es l&rsquo;expression du P\u00e8re parfait (He 1,3) ; toi qui es la vraie lumi\u00e8re qui \u00e9claire tout homme venant en ce monde (Jn 1,9) ; toi qui, lorsque tu \u00e9tais dans le monde, es venu l\u00e0 o\u00f9 tu \u00e9tais d\u00e9j\u00e0 ; toi qui t&rsquo;es fait chair, mais qui habites en nous (Jn 1,14; 14,23), et qui t&rsquo;es fait voir de tes serviteurs dans la condition de serviteur (Ph 2,7) ; toi qui as uni la terre et le ciel par ton saint nom comme par un pont : c&rsquo;est toi qui viens \u00e0 moi ? Toi qui es si grand, vers le pauvre que je suis ? Le roi vers le pr\u00e9curseur, le Seigneur vers le serviteur. (&#8230;)<\/p>\n<p>Je sais quel est l&rsquo;ab\u00eeme qui s\u00e9pare la terre et le Cr\u00e9ateur. Je sais quelle est la diff\u00e9rence entre le limon de la terre et celui qui l&rsquo;a model\u00e9 (Gn 2,7). Je sais combien ton soleil de justice l&#8217;emporte sur moi qui ne suis que la lampe de ta gr\u00e2ce (Ml 3,20; Jn 5,35). Et, bien que tu sois rev\u00eatu par la nu\u00e9e tr\u00e8s pure de ton corps, moi, pourtant, je reconnais ma condition servile, je proclame ta magnificence. \u00ab Je ne suis pas digne de d\u00e9faire la courroie de tes sandales. \u00bb Et comment oserai-je toucher le sommet immacul\u00e9 de ta t\u00eate ? Comment \u00e9tendrai-je la main sur toi \u00ab qui as d\u00e9ploy\u00e9 les cieux comme une tenture \u00bb et qui as \u00ab affermi la terre sur les eaux ? \u00bb (Ps 103,2; 135,6) (&#8230;) Quelle pri\u00e8re vais-je faire sur toi, qui accueilles m\u00eame les pri\u00e8res de ceux qui t&rsquo;ignorent ?<\/p>\n<h3 class=\"GospelCommentaryAuthor-name commentary-author font-2\">Hom\u00e9lie attribu\u00e9e \u00e0 saint Gr\u00e9goire le Thaumaturge (v. 213 \u2013 v. 270)<\/h3>\n<p>&nbsp;<\/p>\n<p>&nbsp;<\/p>\n","protected":false},"excerpt":{"rendered":"<p>[\u00ab J\u00e9sus vient \u00e0 Jean pour se faire baptiser par lui. Jean voulait l&rsquo;en emp\u00eacher et disait : \u2018C&rsquo;est moi qui ai besoin de me faire baptiser par toi !\u2019 \u00bb (Mt 3,13-14)] En ta pr\u00e9sence, Seigneur J\u00e9sus, je ne peux pas me taire, car \u00ab je suis la voix, la voix qui crie \u00e0 [&hellip;]<\/p>\n","protected":false},"author":2,"featured_media":0,"comment_status":"closed","ping_status":"closed","sticky":false,"template":"","format":"standard","meta":{"footnotes":""},"categories":[3,13,1261,28],"tags":[127,1042],"class_list":["post-19509","post","type-post","status-publish","format-standard","hentry","category-liturgique","category-ecritures","category-enseignement-2","category-saints-et-saintes","tag-avent","tag-st-jean-baptiste"],"_links":{"self":[{"href":"https:\/\/www.associationdemarie.org\/blog\/wp-json\/wp\/v2\/posts\/19509","targetHints":{"allow":["GET"]}}],"collection":[{"href":"https:\/\/www.associationdemarie.org\/blog\/wp-json\/wp\/v2\/posts"}],"about":[{"href":"https:\/\/www.associationdemarie.org\/blog\/wp-json\/wp\/v2\/types\/post"}],"author":[{"embeddable":true,"href":"https:\/\/www.associationdemarie.org\/blog\/wp-json\/wp\/v2\/users\/2"}],"replies":[{"embeddable":true,"href":"https:\/\/www.associationdemarie.org\/blog\/wp-json\/wp\/v2\/comments?post=19509"}],"version-history":[{"count":1,"href":"https:\/\/www.associationdemarie.org\/blog\/wp-json\/wp\/v2\/posts\/19509\/revisions"}],"predecessor-version":[{"id":19511,"href":"https:\/\/www.associationdemarie.org\/blog\/wp-json\/wp\/v2\/posts\/19509\/revisions\/19511"}],"wp:attachment":[{"href":"https:\/\/www.associationdemarie.org\/blog\/wp-json\/wp\/v2\/media?parent=19509"}],"wp:term":[{"taxonomy":"category","embeddable":true,"href":"https:\/\/www.associationdemarie.org\/blog\/wp-json\/wp\/v2\/categories?post=19509"},{"taxonomy":"post_tag","embeddable":true,"href":"https:\/\/www.associationdemarie.org\/blog\/wp-json\/wp\/v2\/tags?post=19509"}],"curies":[{"name":"wp","href":"https:\/\/api.w.org\/{rel}","templated":true}]}}