{"id":19502,"date":"2020-12-05T01:48:08","date_gmt":"2020-12-05T00:48:08","guid":{"rendered":"http:\/\/www.associationdemarie.org\/blog\/?p=19502"},"modified":"2020-12-07T11:21:46","modified_gmt":"2020-12-07T10:21:46","slug":"sur-votre-route-proclamez-que-le-royaume-des-cieux-est-tout-proche-5","status":"publish","type":"post","link":"https:\/\/www.associationdemarie.org\/blog\/sur-votre-route-proclamez-que-le-royaume-des-cieux-est-tout-proche-5\/","title":{"rendered":"\u00ab Sur votre route proclamez que le Royaume des cieux est tout proche. \u00bb"},"content":{"rendered":"<p><img loading=\"lazy\" decoding=\"async\" class=\"aligncenter wp-image-19503\" src=\"https:\/\/www.associationdemarie.org\/blog\/wp-content\/uploads\/2020\/11\/images-2.jpeg\" alt=\"\" width=\"465\" height=\"290\" \/><\/p>\n<p>Dans le Christ nous sommes tous appel\u00e9s \u00e0 faire partie de l&rsquo;\u00c9glise ; c&rsquo;est en elle que nous acqu\u00e9rons la saintet\u00e9 par la gr\u00e2ce de Dieu. Mais elle n&rsquo;atteindra son ach\u00e8vement que dans la gloire du ciel, lorsque viendra \u00ab le temps du r\u00e9tablissement de toutes choses \u00bb (Ac 3,21), lorsque, avec le genre humain, le monde entier lui aussi, qui est intimement uni \u00e0 l&rsquo;homme et qui atteint par l&rsquo;homme le but qui est le sien, sera parfaitement rassembl\u00e9 dans le Christ. (\u2026)<\/p>\n<p>Ce r\u00e9tablissement, qui nous a \u00e9t\u00e9 promis et que nous attendons, a d\u00e9j\u00e0 commenc\u00e9 dans le Christ ; il s&rsquo;est poursuivi par l&rsquo;envoi du Saint-Esprit et par celui-ci il continue dans l&rsquo;\u00c9glise. C&rsquo;est en elle que la foi nous enseigne le sens de notre vie dans ce monde-ci, du moment que, dans l&rsquo;esp\u00e9rance des biens futurs, nous conduisons vers sa fin la t\u00e2che que le P\u00e8re nous a charg\u00e9s d&rsquo;accomplir dans le monde, et que nous travaillons ainsi \u00e0 notre salut (Ph 2,12).<\/p>\n<p>D\u00e9j\u00e0 donc les derniers temps sont arriv\u00e9s pour nous (1Co 10,11). Le renouvellement du monde est irr\u00e9vocablement \u00e9tabli et se trouve anticip\u00e9 en ce monde d&rsquo;une mani\u00e8re d\u00e9j\u00e0 r\u00e9elle. En effet, d\u00e9j\u00e0 sur terre, l&rsquo;\u00c9glise rayonne d&rsquo;une saintet\u00e9 v\u00e9ritable, quoique inachev\u00e9e. Mais en attendant que se r\u00e9alisent \u00ab les cieux nouveaux et la terre nouvelle o\u00f9 la justice habite \u00bb (2P 3,13), l&rsquo;\u00c9glise en p\u00e8lerinage porte l&rsquo;aspect de ce monde qui passe, dans ses sacrements et ses institutions qui appartiennent \u00e0 notre \u00e9poque. Elle-m\u00eame vit au milieu des cr\u00e9atures qui jusqu&rsquo;\u00e0 pr\u00e9sent \u00ab g\u00e9missent dans les douleurs de l&rsquo;enfantement \u00bb et qui \u00ab attendent la manifestation des enfants de Dieu \u00bb (Rm 8,19s).<\/p>\n<h3 class=\"GospelCommentaryAuthor-name commentary-author font-2\">Concile Vatican II<\/h3>\n<p>&nbsp;<\/p>\n<p>&nbsp;<\/p>\n","protected":false},"excerpt":{"rendered":"<p>Dans le Christ nous sommes tous appel\u00e9s \u00e0 faire partie de l&rsquo;\u00c9glise ; c&rsquo;est en elle que nous acqu\u00e9rons la saintet\u00e9 par la gr\u00e2ce de Dieu. Mais elle n&rsquo;atteindra son ach\u00e8vement que dans la gloire du ciel, lorsque viendra \u00ab le temps du r\u00e9tablissement de toutes choses \u00bb (Ac 3,21), lorsque, avec le genre humain, [&hellip;]<\/p>\n","protected":false},"author":2,"featured_media":0,"comment_status":"closed","ping_status":"closed","sticky":false,"template":"","format":"standard","meta":{"footnotes":""},"categories":[13,1261],"tags":[305,387,1174],"class_list":["post-19502","post","type-post","status-publish","format-standard","hentry","category-ecritures","category-enseignement-2","tag-disciples","tag-evangelisation","tag-vatican-2"],"_links":{"self":[{"href":"https:\/\/www.associationdemarie.org\/blog\/wp-json\/wp\/v2\/posts\/19502","targetHints":{"allow":["GET"]}}],"collection":[{"href":"https:\/\/www.associationdemarie.org\/blog\/wp-json\/wp\/v2\/posts"}],"about":[{"href":"https:\/\/www.associationdemarie.org\/blog\/wp-json\/wp\/v2\/types\/post"}],"author":[{"embeddable":true,"href":"https:\/\/www.associationdemarie.org\/blog\/wp-json\/wp\/v2\/users\/2"}],"replies":[{"embeddable":true,"href":"https:\/\/www.associationdemarie.org\/blog\/wp-json\/wp\/v2\/comments?post=19502"}],"version-history":[{"count":2,"href":"https:\/\/www.associationdemarie.org\/blog\/wp-json\/wp\/v2\/posts\/19502\/revisions"}],"predecessor-version":[{"id":19591,"href":"https:\/\/www.associationdemarie.org\/blog\/wp-json\/wp\/v2\/posts\/19502\/revisions\/19591"}],"wp:attachment":[{"href":"https:\/\/www.associationdemarie.org\/blog\/wp-json\/wp\/v2\/media?parent=19502"}],"wp:term":[{"taxonomy":"category","embeddable":true,"href":"https:\/\/www.associationdemarie.org\/blog\/wp-json\/wp\/v2\/categories?post=19502"},{"taxonomy":"post_tag","embeddable":true,"href":"https:\/\/www.associationdemarie.org\/blog\/wp-json\/wp\/v2\/tags?post=19502"}],"curies":[{"name":"wp","href":"https:\/\/api.w.org\/{rel}","templated":true}]}}