{"id":19496,"date":"2020-12-03T01:26:33","date_gmt":"2020-12-03T00:26:33","guid":{"rendered":"http:\/\/www.associationdemarie.org\/blog\/?p=19496"},"modified":"2020-11-12T16:28:30","modified_gmt":"2020-11-12T15:28:30","slug":"la-foi-fondement-de-notre-vie-interieure","status":"publish","type":"post","link":"https:\/\/www.associationdemarie.org\/blog\/la-foi-fondement-de-notre-vie-interieure\/","title":{"rendered":"La foi, fondement de notre vie int\u00e9rieure"},"content":{"rendered":"<p><img loading=\"lazy\" decoding=\"async\" class=\"aligncenter  wp-image-19497\" src=\"https:\/\/www.associationdemarie.org\/blog\/wp-content\/uploads\/2020\/11\/pexels-photo-220429.jpeg\" alt=\"\" width=\"417\" height=\"278\" srcset=\"https:\/\/www.associationdemarie.org\/blog\/wp-content\/uploads\/2020\/11\/pexels-photo-220429.jpeg 525w, https:\/\/www.associationdemarie.org\/blog\/wp-content\/uploads\/2020\/11\/pexels-photo-220429-300x200.jpeg 300w\" sizes=\"auto, (max-width: 417px) 100vw, 417px\" \/><\/p>\n<p>La foi est une vertu fondamentale. (\u2026) La foi est , en nous, le commencement, le fondement, la racine de notre vie d\u2019enfant de Dieu. (\u2026) Si la foi est requise pour \u00e9veiller la vie surnaturelle, elle est n\u00e9cessaire encore pour en assurer la croissance et l\u2019\u00e9panouissement. La foi est tr\u00e8s v\u00e9ritablement le fondement et la racine de la vie int\u00e9rieure.<\/p>\n<p>Dans une b\u00e2tisse, quelle est la raison des fondations ? Non seulement elles permettent de commencer la construction, mais n\u2019est-ce pas d\u2019elles qu\u2019\u00e0 tout instant d\u00e9pend la stabilit\u00e9, l\u2019\u00e9quilibre, la dur\u00e9e m\u00eame de l\u2019\u00e9difice ? Ainsi en est-il de la foi face \u00e0 toute existence chr\u00e9tienne. Seule, l\u2019assise solide des croyances affermit l\u2019esp\u00e9rance, donne l\u2019essor \u00e0 la charit\u00e9 et permet \u00e0 la pri\u00e8re de monter vers Dieu. Au moment de l\u2019\u00e9preuve, comme au cours de l\u2019existence normale, d\u2019o\u00f9 nous vient l\u2019appui constant, d\u2019o\u00f9 recevons-nous les motifs d\u2019action les plus efficaces, sinon de la foi ? C\u2019est pourquoi saint Paul demandait aux Colossiens de demeurer \u00ab fond\u00e9s sur la foi \u00bb (Col 1,23). (\u2026) Telle est l\u2019importance primordiales des certitudes de la foi. Leur influence ne cesse de s\u2019exercer : elles ennoblissent l\u2019existence et fortifient l\u2019\u00e2me ; gr\u00e2ce \u00e0 elles, le chr\u00e9tien (\u2026), sous le choc des puissances du mal, ne doute jamais de la victoire (cf. 1 Jn 5,4).<\/p>\n<p>Saint Paul s\u2019est plu \u00e0 renfermer dans une tr\u00e8s br\u00e8ve formule toute cette doctrine qui lui \u00e9tait ch\u00e8re : \u00ab Le juste vit de la foi \u00bb (cf. Ga 3,2 ; Rm 1,17 ; He 10,38). Retenons-en la port\u00e9e \u00e9minemment pratique, car, plus notre foi sera ferme, plus notre vie enti\u00e8re sera r\u00e9g\u00e9n\u00e9r\u00e9e, et, par elle, les liens de notre adoption divine se resserreront.<\/p>\n<h3 class=\"GospelCommentaryAuthor-name commentary-author font-2\">Bienheureux Columba Marmion (1858-1923)<\/h3>\n<p>&nbsp;<\/p>\n<p>&nbsp;<\/p>\n","protected":false},"excerpt":{"rendered":"<p>La foi est une vertu fondamentale. (\u2026) La foi est , en nous, le commencement, le fondement, la racine de notre vie d\u2019enfant de Dieu. (\u2026) Si la foi est requise pour \u00e9veiller la vie surnaturelle, elle est n\u00e9cessaire encore pour en assurer la croissance et l\u2019\u00e9panouissement. La foi est tr\u00e8s v\u00e9ritablement le fondement et [&hellip;]<\/p>\n","protected":false},"author":2,"featured_media":0,"comment_status":"closed","ping_status":"closed","sticky":false,"template":"","format":"standard","meta":{"footnotes":""},"categories":[13,1261],"tags":[1464,425,1068],"class_list":["post-19496","post","type-post","status-publish","format-standard","hentry","category-ecritures","category-enseignement-2","tag-bienheureux-columba-marmion","tag-foi","tag-st-paul"],"_links":{"self":[{"href":"https:\/\/www.associationdemarie.org\/blog\/wp-json\/wp\/v2\/posts\/19496","targetHints":{"allow":["GET"]}}],"collection":[{"href":"https:\/\/www.associationdemarie.org\/blog\/wp-json\/wp\/v2\/posts"}],"about":[{"href":"https:\/\/www.associationdemarie.org\/blog\/wp-json\/wp\/v2\/types\/post"}],"author":[{"embeddable":true,"href":"https:\/\/www.associationdemarie.org\/blog\/wp-json\/wp\/v2\/users\/2"}],"replies":[{"embeddable":true,"href":"https:\/\/www.associationdemarie.org\/blog\/wp-json\/wp\/v2\/comments?post=19496"}],"version-history":[{"count":1,"href":"https:\/\/www.associationdemarie.org\/blog\/wp-json\/wp\/v2\/posts\/19496\/revisions"}],"predecessor-version":[{"id":19498,"href":"https:\/\/www.associationdemarie.org\/blog\/wp-json\/wp\/v2\/posts\/19496\/revisions\/19498"}],"wp:attachment":[{"href":"https:\/\/www.associationdemarie.org\/blog\/wp-json\/wp\/v2\/media?parent=19496"}],"wp:term":[{"taxonomy":"category","embeddable":true,"href":"https:\/\/www.associationdemarie.org\/blog\/wp-json\/wp\/v2\/categories?post=19496"},{"taxonomy":"post_tag","embeddable":true,"href":"https:\/\/www.associationdemarie.org\/blog\/wp-json\/wp\/v2\/tags?post=19496"}],"curies":[{"name":"wp","href":"https:\/\/api.w.org\/{rel}","templated":true}]}}