{"id":1944,"date":"2010-12-09T01:19:52","date_gmt":"2010-12-09T01:19:52","guid":{"rendered":"http:\/\/preprod.meltem-int.com\/marie\/blog\/?p=1944"},"modified":"2010-12-09T01:19:52","modified_gmt":"2010-12-09T01:19:52","slug":"marie-mere-des-hommes","status":"publish","type":"post","link":"https:\/\/www.associationdemarie.org\/blog\/marie-mere-des-hommes\/","title":{"rendered":"Marie M\u00e8re des hommes"},"content":{"rendered":"<figure id=\"attachment_4\" aria-describedby=\"caption-attachment-4\" style=\"width: 182px\" class=\"wp-caption alignleft\"><a href=\"https:\/\/www.associationdemarie.org\/blog\/wp-content\/uploads\/2009\/05\/35955168_p.jpg\"><img loading=\"lazy\" decoding=\"async\" class=\"size-full wp-image-4\" title=\"35955168_p\" src=\"https:\/\/www.associationdemarie.org\/blog\/wp-content\/uploads\/2009\/05\/35955168_p.jpg\" alt=\"\" width=\"182\" height=\"300\" \/><\/a><figcaption id=\"caption-attachment-4\" class=\"wp-caption-text\">Marie m\u00e8re des hommes<\/figcaption><\/figure>\n<p>Mes enfants, je vous aime avec le c\u0153ur d\u2019une m\u00e8re qui va soulager sa famille des picotements du froid, des ger\u00e7ures de froid. Je suis l\u00e0 pour vous r\u00e9chauffer, venez tout contre moi, je vous aiderai \u00e0 aimer, je vous aiderai \u00e0 parler de paix.<\/p>\n<p>Mes enfants, je suis \u00a0<strong>L\u2019Immacul\u00e9e Conception<\/strong>, tant aim\u00e9e dans certains foyers et pourtant tant d\u00e9cri\u00e9e par la majorit\u00e9 du monde. Mais c\u2019est l\u2019Amour qui triomphera, car j\u2019ai vou\u00e9 ma vie au plan Divin. Je vous aide dans le plan Divin. Comme bien d\u2019autres hommes, vous \u00eates le flambeau de l\u2019Amour et de la Paix. Et\u00a0 tant que les hommes existeront, existera le flambeau de l\u2019Amour et de la Paix\u00a0; Dieu ne laissera pas \u00e9teindre ce flambeau.<\/p>\n<p><span style=\"color: #ffffff;\">.<\/span><\/p>\n<p>Marie M\u00e8re des hommes &#8211; octobre 1993<\/p>\n<p><span style=\"color: #ffffff;\">.<\/span><\/p>\n","protected":false},"excerpt":{"rendered":"<p>Mes enfants, je vous aime avec le c\u0153ur d\u2019une m\u00e8re qui va soulager sa famille des picotements du froid, des ger\u00e7ures de froid. Je suis l\u00e0 pour vous r\u00e9chauffer, venez tout contre moi, je vous aiderai \u00e0 aimer, je vous aiderai \u00e0 parler de paix. Mes enfants, je suis \u00a0L\u2019Immacul\u00e9e Conception, tant aim\u00e9e dans certains [&hellip;]<\/p>\n","protected":false},"author":2,"featured_media":0,"comment_status":"closed","ping_status":"closed","sticky":false,"template":"","format":"standard","meta":{"footnotes":""},"categories":[2,3,19],"tags":[62,421,438,493,640,757,809],"class_list":["post-1944","post","type-post","status-publish","format-standard","hentry","category-actualites","category-liturgique","category-messages","tag-amour","tag-flambeau","tag-froid","tag-immaculee-conception","tag-marie-mere-des-hommes","tag-paix","tag-plan-divin"],"_links":{"self":[{"href":"https:\/\/www.associationdemarie.org\/blog\/wp-json\/wp\/v2\/posts\/1944","targetHints":{"allow":["GET"]}}],"collection":[{"href":"https:\/\/www.associationdemarie.org\/blog\/wp-json\/wp\/v2\/posts"}],"about":[{"href":"https:\/\/www.associationdemarie.org\/blog\/wp-json\/wp\/v2\/types\/post"}],"author":[{"embeddable":true,"href":"https:\/\/www.associationdemarie.org\/blog\/wp-json\/wp\/v2\/users\/2"}],"replies":[{"embeddable":true,"href":"https:\/\/www.associationdemarie.org\/blog\/wp-json\/wp\/v2\/comments?post=1944"}],"version-history":[{"count":0,"href":"https:\/\/www.associationdemarie.org\/blog\/wp-json\/wp\/v2\/posts\/1944\/revisions"}],"wp:attachment":[{"href":"https:\/\/www.associationdemarie.org\/blog\/wp-json\/wp\/v2\/media?parent=1944"}],"wp:term":[{"taxonomy":"category","embeddable":true,"href":"https:\/\/www.associationdemarie.org\/blog\/wp-json\/wp\/v2\/categories?post=1944"},{"taxonomy":"post_tag","embeddable":true,"href":"https:\/\/www.associationdemarie.org\/blog\/wp-json\/wp\/v2\/tags?post=1944"}],"curies":[{"name":"wp","href":"https:\/\/api.w.org\/{rel}","templated":true}]}}