{"id":19410,"date":"2020-11-13T01:23:14","date_gmt":"2020-11-13T00:23:14","guid":{"rendered":"http:\/\/www.associationdemarie.org\/blog\/?p=19410"},"modified":"2020-10-23T07:25:00","modified_gmt":"2020-10-23T06:25:00","slug":"eveille-toi-toi-qui-dors-ep-514","status":"publish","type":"post","link":"https:\/\/www.associationdemarie.org\/blog\/eveille-toi-toi-qui-dors-ep-514\/","title":{"rendered":"\u00ab \u00c9veille-toi, toi qui dors ! \u00bb (Ep 5,14)"},"content":{"rendered":"<p><img loading=\"lazy\" decoding=\"async\" class=\"aligncenter size-full wp-image-19411\" src=\"https:\/\/www.associationdemarie.org\/blog\/wp-content\/uploads\/2020\/10\/unnamed-3.jpg\" alt=\"\" width=\"305\" height=\"305\" srcset=\"https:\/\/www.associationdemarie.org\/blog\/wp-content\/uploads\/2020\/10\/unnamed-3.jpg 305w, https:\/\/www.associationdemarie.org\/blog\/wp-content\/uploads\/2020\/10\/unnamed-3-150x150.jpg 150w, https:\/\/www.associationdemarie.org\/blog\/wp-content\/uploads\/2020\/10\/unnamed-3-300x300.jpg 300w\" sizes=\"auto, (max-width: 305px) 100vw, 305px\" \/><\/p>\n<p>Levons-nous donc enfin ; l&rsquo;\u00c9criture ne cesse de nous \u00e9veiller en disant : \u00ab L&rsquo;heure est venue de nous lever du sommeil \u00bb (Rm 13,11). Ouvrons les yeux \u00e0 la lumi\u00e8re divine. \u00c9coutons d&rsquo;une oreille attentive la voix puissante de Dieu qui chaque jour nous presse en disant : \u00ab Aujourd&rsquo;hui, si vous entendez sa voix, n&rsquo;endurcissez pas votre c\u0153ur \u00bb (Ps 94,7-8). Et encore : \u00ab Celui qui a des oreilles pour entendre, qu&rsquo;il \u00e9coute ce que l&rsquo;Esprit dit aux \u00c9glises \u00bb (Ap 2,7). Et que dit-il ? \u00ab Venez, fils, \u00e9coutez-moi, je vous enseignerai la crainte du Seigneur \u00bb (Ps 33,12). \u00ab Courez tant que vous avez la lumi\u00e8re de la vie, pour que les t\u00e9n\u00e8bres de la mort ne vous enveloppent pas \u00bb (Jn 12,35).<\/p>\n<p>Cherchant son ouvrier dans la foule du peuple \u00e0 qui il lance cet appel, le Seigneur dit encore : \u00ab Quel est l&rsquo;homme qui aime la vie et d\u00e9sire voir des jours heureux ? \u00bb (Ps 33,13) Entendant cela, si tu r\u00e9ponds : \u00ab Moi \u00bb, Dieu te dit : \u00ab Veux-tu avoir la vraie vie, l&rsquo;\u00e9ternelle ? Alors \u2018garde ta langue du mal et tes l\u00e8vres des paroles trompeuses ; d\u00e9tourne-toi du mal et fais le bien, cherche la paix et poursuis-la\u2019 (Ps 33,14-15). Quand vous aurez fait cela, je poserai les yeux sur vous et pr\u00eaterai l&rsquo;oreille \u00e0 vos pri\u00e8res et \u2018avant m\u00eame que vous ne m&rsquo;appeliez, je vous dirai : Me voici\u2019 \u00bb (Is 58,9).<\/p>\n<p>Quoi de plus doux, fr\u00e8res bien-aim\u00e9s, que cette voix du Seigneur qui nous invite ? Voici que, dans sa tendresse, le Seigneur nous indique le chemin de la vie. Ceints de la foi et de la pratique des bonnes actions, et guid\u00e9s par l&rsquo;\u00c9vangile, allons donc par les voies qu&rsquo;il nous trace pour \u00eatre admis \u00e0 voir celui qui nous a appel\u00e9s dans son royaume. Si nous voulons habiter dans la demeure de son royaume, h\u00e2tons-nous par de bonnes actions, sinon nous n&rsquo;y parviendrons jamais.<\/p>\n<h3 class=\"GospelCommentaryAuthor-name commentary-author font-2\">Saint Beno\u00eet (480-547)<\/h3>\n<p>&nbsp;<\/p>\n<p>&nbsp;<\/p>\n","protected":false},"excerpt":{"rendered":"<p>Levons-nous donc enfin ; l&rsquo;\u00c9criture ne cesse de nous \u00e9veiller en disant : \u00ab L&rsquo;heure est venue de nous lever du sommeil \u00bb (Rm 13,11). Ouvrons les yeux \u00e0 la lumi\u00e8re divine. \u00c9coutons d&rsquo;une oreille attentive la voix puissante de Dieu qui chaque jour nous presse en disant : \u00ab Aujourd&rsquo;hui, si vous entendez sa [&hellip;]<\/p>\n","protected":false},"author":2,"featured_media":0,"comment_status":"closed","ping_status":"closed","sticky":false,"template":"","format":"standard","meta":{"footnotes":""},"categories":[13,1261],"tags":[1016,1175],"class_list":["post-19410","post","type-post","status-publish","format-standard","hentry","category-ecritures","category-enseignement-2","tag-st-benoit","tag-veillez"],"_links":{"self":[{"href":"https:\/\/www.associationdemarie.org\/blog\/wp-json\/wp\/v2\/posts\/19410","targetHints":{"allow":["GET"]}}],"collection":[{"href":"https:\/\/www.associationdemarie.org\/blog\/wp-json\/wp\/v2\/posts"}],"about":[{"href":"https:\/\/www.associationdemarie.org\/blog\/wp-json\/wp\/v2\/types\/post"}],"author":[{"embeddable":true,"href":"https:\/\/www.associationdemarie.org\/blog\/wp-json\/wp\/v2\/users\/2"}],"replies":[{"embeddable":true,"href":"https:\/\/www.associationdemarie.org\/blog\/wp-json\/wp\/v2\/comments?post=19410"}],"version-history":[{"count":1,"href":"https:\/\/www.associationdemarie.org\/blog\/wp-json\/wp\/v2\/posts\/19410\/revisions"}],"predecessor-version":[{"id":19412,"href":"https:\/\/www.associationdemarie.org\/blog\/wp-json\/wp\/v2\/posts\/19410\/revisions\/19412"}],"wp:attachment":[{"href":"https:\/\/www.associationdemarie.org\/blog\/wp-json\/wp\/v2\/media?parent=19410"}],"wp:term":[{"taxonomy":"category","embeddable":true,"href":"https:\/\/www.associationdemarie.org\/blog\/wp-json\/wp\/v2\/categories?post=19410"},{"taxonomy":"post_tag","embeddable":true,"href":"https:\/\/www.associationdemarie.org\/blog\/wp-json\/wp\/v2\/tags?post=19410"}],"curies":[{"name":"wp","href":"https:\/\/api.w.org\/{rel}","templated":true}]}}