{"id":1939,"date":"2010-12-11T01:10:30","date_gmt":"2010-12-11T01:10:30","guid":{"rendered":"http:\/\/preprod.meltem-int.com\/marie\/blog\/?p=1939"},"modified":"2010-12-11T01:10:30","modified_gmt":"2010-12-11T01:10:30","slug":"esperer","status":"publish","type":"post","link":"https:\/\/www.associationdemarie.org\/blog\/esperer\/","title":{"rendered":"Esp\u00e9rer"},"content":{"rendered":"<p><a href=\"https:\/\/www.associationdemarie.org\/blog\/wp-content\/uploads\/2010\/12\/taparoleestunelampedevantmespas.gif\"><img loading=\"lazy\" decoding=\"async\" class=\"aligncenter size-medium wp-image-1941\" title=\"taparoleestunelampedevantmespas\" src=\"https:\/\/www.associationdemarie.org\/blog\/wp-content\/uploads\/2010\/12\/taparoleestunelampedevantmespas-300x171.gif\" alt=\"\" width=\"300\" height=\"171\" srcset=\"https:\/\/www.associationdemarie.org\/blog\/wp-content\/uploads\/2010\/12\/taparoleestunelampedevantmespas-300x171.gif 300w, https:\/\/www.associationdemarie.org\/blog\/wp-content\/uploads\/2010\/12\/taparoleestunelampedevantmespas-1024x585.gif 1024w\" sizes=\"auto, (max-width: 300px) 100vw, 300px\" \/><\/a><\/p>\n<p>Je suis pr\u00e9sente pour l\u2019unification du peuple de Dieu pour la Nouvelle J\u00e9rusalem et en ce point je m\u2019efforce aux quatre coins du monde d\u2019apporter la parole et le chemin \u00e0 suivre.<\/p>\n<p>Dieu rendra la vue aux aveugles, la parole aux muets, l\u2019\u00e9coute aux sourds, la marche aux paralytiques, l\u2019esprit aux handicap\u00e9s et tout se fera dans la lumi\u00e8re et la chaleur Divine apr\u00e8s les orages et les tremblements de la terre, apr\u00e8s la nuit refl\u00e9tant l\u2019agonie du malin dans les basses fosses des t\u00e9n\u00e8bres.<\/p>\n<p>Marie M\u00e8re des hommes &#8211; novembre 2010<\/p>\n<p><span style=\"color: #ffffff;\">.<\/span><\/p>\n","protected":false},"excerpt":{"rendered":"<p>Je suis pr\u00e9sente pour l\u2019unification du peuple de Dieu pour la Nouvelle J\u00e9rusalem et en ce point je m\u2019efforce aux quatre coins du monde d\u2019apporter la parole et le chemin \u00e0 suivre. Dieu rendra la vue aux aveugles, la parole aux muets, l\u2019\u00e9coute aux sourds, la marche aux paralytiques, l\u2019esprit aux handicap\u00e9s et tout se [&hellip;]<\/p>\n","protected":false},"author":2,"featured_media":0,"comment_status":"closed","ping_status":"closed","sticky":false,"template":"","format":"standard","meta":{"footnotes":""},"categories":[3,19],"tags":[295,640,668,725,770,1165,1205],"class_list":["post-1939","post","type-post","status-publish","format-standard","hentry","category-liturgique","category-messages","tag-dieu","tag-marie-mere-des-hommes","tag-message","tag-nouvelle-jerusalem","tag-parole","tag-unification","tag-vue"],"_links":{"self":[{"href":"https:\/\/www.associationdemarie.org\/blog\/wp-json\/wp\/v2\/posts\/1939","targetHints":{"allow":["GET"]}}],"collection":[{"href":"https:\/\/www.associationdemarie.org\/blog\/wp-json\/wp\/v2\/posts"}],"about":[{"href":"https:\/\/www.associationdemarie.org\/blog\/wp-json\/wp\/v2\/types\/post"}],"author":[{"embeddable":true,"href":"https:\/\/www.associationdemarie.org\/blog\/wp-json\/wp\/v2\/users\/2"}],"replies":[{"embeddable":true,"href":"https:\/\/www.associationdemarie.org\/blog\/wp-json\/wp\/v2\/comments?post=1939"}],"version-history":[{"count":0,"href":"https:\/\/www.associationdemarie.org\/blog\/wp-json\/wp\/v2\/posts\/1939\/revisions"}],"wp:attachment":[{"href":"https:\/\/www.associationdemarie.org\/blog\/wp-json\/wp\/v2\/media?parent=1939"}],"wp:term":[{"taxonomy":"category","embeddable":true,"href":"https:\/\/www.associationdemarie.org\/blog\/wp-json\/wp\/v2\/categories?post=1939"},{"taxonomy":"post_tag","embeddable":true,"href":"https:\/\/www.associationdemarie.org\/blog\/wp-json\/wp\/v2\/tags?post=1939"}],"curies":[{"name":"wp","href":"https:\/\/api.w.org\/{rel}","templated":true}]}}