{"id":19366,"date":"2020-10-30T01:14:41","date_gmt":"2020-10-30T00:14:41","guid":{"rendered":"http:\/\/www.associationdemarie.org\/blog\/?p=19366"},"modified":"2020-10-09T09:16:07","modified_gmt":"2020-10-09T08:16:07","slug":"jesus-a-table-avec-les-pharisiens","status":"publish","type":"post","link":"https:\/\/www.associationdemarie.org\/blog\/jesus-a-table-avec-les-pharisiens\/","title":{"rendered":"J\u00e9sus \u00e0 table avec les pharisiens"},"content":{"rendered":"<p><img loading=\"lazy\" decoding=\"async\" class=\"aligncenter size-full wp-image-19367\" src=\"https:\/\/www.associationdemarie.org\/blog\/wp-content\/uploads\/2020\/10\/23-T.O.B.jpg\" alt=\"\" width=\"345\" height=\"495\" srcset=\"https:\/\/www.associationdemarie.org\/blog\/wp-content\/uploads\/2020\/10\/23-T.O.B.jpg 345w, https:\/\/www.associationdemarie.org\/blog\/wp-content\/uploads\/2020\/10\/23-T.O.B-209x300.jpg 209w\" sizes=\"auto, (max-width: 345px) 100vw, 345px\" \/><\/p>\n<p>Le Cr\u00e9ateur \u00e9ternel et invisible du monde, se disposant \u00e0 sauver le genre humain qui se tra\u00eenait au long des \u00e2ges soumis aux dures lois de la mort, \u00ab dans ces temps qui sont les derniers \u00bb (He 1,2) a daign\u00e9 se faire homme (&#8230;), pour racheter dans sa cl\u00e9mence ceux que dans sa justice il avait condamn\u00e9s. Afin de montrer la profondeur de son amour pour nous, il ne s&rsquo;est pas fait seulement homme, mais homme pauvre et humble, afin que, s&rsquo;approchant de nous en sa pauvret\u00e9, il nous donne d&rsquo;avoir part \u00e0 ses richesses (2Co 8,9). Il s&rsquo;est fait si pauvre pour nous qu&rsquo;il n&rsquo;a pas eu de lieu o\u00f9 reposer la t\u00eate : \u00ab Les renards ont leur tani\u00e8re et les oiseaux du ciel leur nid, le Fils de l&rsquo;homme, lui, n&rsquo;a pas o\u00f9 reposer la t\u00eate \u00bb (Mt 8,20).<\/p>\n<p>C&rsquo;est pourquoi il acceptait d&rsquo;aller aux repas auxquels on l&rsquo;invitait, non par go\u00fbt immod\u00e9r\u00e9 des repas, mais pour y enseigner le salut et y susciter la foi. L\u00e0, il remplissait les convives de lumi\u00e8re par ses miracles. L\u00e0 les serviteurs, qui \u00e9taient occup\u00e9s \u00e0 l&rsquo;int\u00e9rieur, et n&rsquo;avaient pas la libert\u00e9 d&rsquo;aller aupr\u00e8s de lui, entendaient la parole du salut. En effet, il ne m\u00e9prisait personne, aucun n&rsquo;\u00e9tait indigne de son amour parce \u00ab qu&rsquo;il a piti\u00e9 de tous ; il n&rsquo;a de haine pour aucune de ses \u0153uvres et s&rsquo;occupe avec soin de chacune d&rsquo;elles \u00bb (Sg 11,24).<\/p>\n<p>Pour accomplir son \u0153uvre de salut, le Seigneur entra donc dans la maison d&rsquo;un notable pharisien un jour de sabbat. Les scribes et les pharisiens l&rsquo;observaient pour pouvoir le reprendre, afin que, s&rsquo;il gu\u00e9rissait l&rsquo;hydropique, ils puissent l&rsquo;accuser de violer la Loi et, s&rsquo;il ne le gu\u00e9rissait pas, ils l&rsquo;accusent d&rsquo;impi\u00e9t\u00e9 ou de faiblesse. (&#8230;) Par la lumi\u00e8re tr\u00e8s pure de sa parole de v\u00e9rit\u00e9, ils voient s&rsquo;\u00e9vanouir toutes les t\u00e9n\u00e8bres de leur mensonge<\/p>\n<h3 class=\"GospelCommentaryAuthor-name commentary-author font-2\">Bienheureux Guerric d&rsquo;Igny (v. 1080-1157)<\/h3>\n<p>&nbsp;<\/p>\n<p>&nbsp;<\/p>\n<p>&nbsp;<\/p>\n<p>&nbsp;<\/p>\n","protected":false},"excerpt":{"rendered":"<p>Le Cr\u00e9ateur \u00e9ternel et invisible du monde, se disposant \u00e0 sauver le genre humain qui se tra\u00eenait au long des \u00e2ges soumis aux dures lois de la mort, \u00ab dans ces temps qui sont les derniers \u00bb (He 1,2) a daign\u00e9 se faire homme (&#8230;), pour racheter dans sa cl\u00e9mence ceux que dans sa justice [&hellip;]<\/p>\n","protected":false},"author":2,"featured_media":0,"comment_status":"closed","ping_status":"closed","sticky":false,"template":"","format":"standard","meta":{"footnotes":""},"categories":[13,1261],"tags":[155,536],"class_list":["post-19366","post","type-post","status-publish","format-standard","hentry","category-ecritures","category-enseignement-2","tag-bienheureux-guerric-digny","tag-jesus-christ"],"_links":{"self":[{"href":"https:\/\/www.associationdemarie.org\/blog\/wp-json\/wp\/v2\/posts\/19366","targetHints":{"allow":["GET"]}}],"collection":[{"href":"https:\/\/www.associationdemarie.org\/blog\/wp-json\/wp\/v2\/posts"}],"about":[{"href":"https:\/\/www.associationdemarie.org\/blog\/wp-json\/wp\/v2\/types\/post"}],"author":[{"embeddable":true,"href":"https:\/\/www.associationdemarie.org\/blog\/wp-json\/wp\/v2\/users\/2"}],"replies":[{"embeddable":true,"href":"https:\/\/www.associationdemarie.org\/blog\/wp-json\/wp\/v2\/comments?post=19366"}],"version-history":[{"count":1,"href":"https:\/\/www.associationdemarie.org\/blog\/wp-json\/wp\/v2\/posts\/19366\/revisions"}],"predecessor-version":[{"id":19368,"href":"https:\/\/www.associationdemarie.org\/blog\/wp-json\/wp\/v2\/posts\/19366\/revisions\/19368"}],"wp:attachment":[{"href":"https:\/\/www.associationdemarie.org\/blog\/wp-json\/wp\/v2\/media?parent=19366"}],"wp:term":[{"taxonomy":"category","embeddable":true,"href":"https:\/\/www.associationdemarie.org\/blog\/wp-json\/wp\/v2\/categories?post=19366"},{"taxonomy":"post_tag","embeddable":true,"href":"https:\/\/www.associationdemarie.org\/blog\/wp-json\/wp\/v2\/tags?post=19366"}],"curies":[{"name":"wp","href":"https:\/\/api.w.org\/{rel}","templated":true}]}}