{"id":19298,"date":"2020-10-12T01:02:48","date_gmt":"2020-10-12T00:02:48","guid":{"rendered":"http:\/\/www.associationdemarie.org\/blog\/?p=19298"},"modified":"2020-09-21T08:12:25","modified_gmt":"2020-09-21T07:12:25","slug":"des-raisons-de-croire-2","status":"publish","type":"post","link":"https:\/\/www.associationdemarie.org\/blog\/des-raisons-de-croire-2\/","title":{"rendered":"Des raisons de croire ?"},"content":{"rendered":"<p><img loading=\"lazy\" decoding=\"async\" class=\"aligncenter  wp-image-19300\" src=\"https:\/\/www.associationdemarie.org\/blog\/wp-content\/uploads\/2020\/10\/images.jpeg\" alt=\"\" width=\"411\" height=\"308\" \/><\/p>\n<p>Les mauvais chr\u00e9tiens manquent de foi, et ils ne le d\u00e9savouent pas ; mais ils pr\u00e9tendent s\u2019en excuser sur ce qu\u2019ils manquent de raison de croire. De l\u00e0 vient qu\u2019ils n\u2019est rien de si commun \u00e0 la bouche de plusieurs que ce discours : \u00ab Si j\u2019avais vu un miracle, je serais un saint \u00bb. \u00ab G\u00e9n\u00e9ration mauvaise et adult\u00e8re ! Elle r\u00e9clame un signe ! \u00bb (Mt 12,39), les m\u00e9chants cherchent des miracles.<\/p>\n<p>Ce qui est en cela de plus admirable, c\u2019est que, quoiqu\u2019ils en aient vu plusieurs, qu\u2019il s\u2019en fasse \u00e0 leurs yeux chaque jour, qu\u2019ils en soient, pour ainsi dire, tout environn\u00e9s, ils ne cessent pas d\u2019en chercher encore, comme les scribes et les pharisiens, ils en voulurent voir dans le ciel, apr\u00e8s en avoir vu sur la terre. Mais ni les morts ressuscit\u00e9s durant la vie du Sauveur, ni l\u2019\u00e9clipse du soleil \u00e0 la mort, ne les rendirent fid\u00e8les ; leur envie en devint plus forte, leur haine plus envenim\u00e9e ; l\u2019une et l\u2019autre alla jusqu\u2019\u00e0 la fureur, mais leur infid\u00e9lit\u00e9 n\u2019en fut pas gu\u00e9rie. Et ainsi en serait-il \u00e0 l\u2019\u00e9gard de ceux qui, vivant mal, attendent des miracles pour croire : \u00ab M\u00eame si quelqu\u2019un ressuscite d\u2019entre les morts, ils ne seront pas convaincus \u00bb (Lc 16,31). (\u2026)<\/p>\n<p>Toutes les difficult\u00e9s qui arr\u00eatent les incr\u00e9dules, toutes les contradictions qu\u2019ils rencontrent dans les dogmes de la foi, tout ce qu\u2019ils y trouvent d\u2019apparentes contrari\u00e9t\u00e9s, tout ce qui leur para\u00eet nouveau, surprenant, contraire au sens commun, contraire \u00e0 la raison, inconcevable, impossible, tous leurs arguments, toutes leurs d\u00e9monstrations pr\u00e9tendues, tout cela, bien loin de m\u2019\u00e9branler, m\u2019affermit davantage, me rend in\u00e9branlable dans ma religion. (\u2026) Tous les nouveaux doutes sont pour moi de nouvelles raisons de croire<\/p>\n<h3 class=\"GospelCommentaryAuthor-name commentary-author font-2\">Saint Claude la Colombi\u00e8re (1641-1682)<\/h3>\n<p>&nbsp;<\/p>\n<p>&nbsp;<\/p>\n<p>&nbsp;<\/p>\n","protected":false},"excerpt":{"rendered":"<p>Les mauvais chr\u00e9tiens manquent de foi, et ils ne le d\u00e9savouent pas ; mais ils pr\u00e9tendent s\u2019en excuser sur ce qu\u2019ils manquent de raison de croire. De l\u00e0 vient qu\u2019ils n\u2019est rien de si commun \u00e0 la bouche de plusieurs que ce discours : \u00ab Si j\u2019avais vu un miracle, je serais un saint \u00bb. [&hellip;]<\/p>\n","protected":false},"author":2,"featured_media":0,"comment_status":"closed","ping_status":"closed","sticky":false,"template":"","format":"standard","meta":{"footnotes":""},"categories":[13,1261],"tags":[272,425,1530],"class_list":["post-19298","post","type-post","status-publish","format-standard","hentry","category-ecritures","category-enseignement-2","tag-croire","tag-foi","tag-st-claude-la-colombiere"],"_links":{"self":[{"href":"https:\/\/www.associationdemarie.org\/blog\/wp-json\/wp\/v2\/posts\/19298","targetHints":{"allow":["GET"]}}],"collection":[{"href":"https:\/\/www.associationdemarie.org\/blog\/wp-json\/wp\/v2\/posts"}],"about":[{"href":"https:\/\/www.associationdemarie.org\/blog\/wp-json\/wp\/v2\/types\/post"}],"author":[{"embeddable":true,"href":"https:\/\/www.associationdemarie.org\/blog\/wp-json\/wp\/v2\/users\/2"}],"replies":[{"embeddable":true,"href":"https:\/\/www.associationdemarie.org\/blog\/wp-json\/wp\/v2\/comments?post=19298"}],"version-history":[{"count":2,"href":"https:\/\/www.associationdemarie.org\/blog\/wp-json\/wp\/v2\/posts\/19298\/revisions"}],"predecessor-version":[{"id":19301,"href":"https:\/\/www.associationdemarie.org\/blog\/wp-json\/wp\/v2\/posts\/19298\/revisions\/19301"}],"wp:attachment":[{"href":"https:\/\/www.associationdemarie.org\/blog\/wp-json\/wp\/v2\/media?parent=19298"}],"wp:term":[{"taxonomy":"category","embeddable":true,"href":"https:\/\/www.associationdemarie.org\/blog\/wp-json\/wp\/v2\/categories?post=19298"},{"taxonomy":"post_tag","embeddable":true,"href":"https:\/\/www.associationdemarie.org\/blog\/wp-json\/wp\/v2\/tags?post=19298"}],"curies":[{"name":"wp","href":"https:\/\/api.w.org\/{rel}","templated":true}]}}