{"id":19292,"date":"2020-10-10T01:03:30","date_gmt":"2020-10-10T00:03:30","guid":{"rendered":"http:\/\/www.associationdemarie.org\/blog\/?p=19292"},"modified":"2020-09-19T08:05:38","modified_gmt":"2020-09-19T07:05:38","slug":"sa-mere-gardait-fidelement-toutes-ces-choses-en-son-coeur-lc-251","status":"publish","type":"post","link":"https:\/\/www.associationdemarie.org\/blog\/sa-mere-gardait-fidelement-toutes-ces-choses-en-son-coeur-lc-251\/","title":{"rendered":"\u00ab Sa m\u00e8re gardait fid\u00e8lement toutes ces choses en son c\u0153ur. \u00bb (Lc 2,51)"},"content":{"rendered":"<p><img loading=\"lazy\" decoding=\"async\" class=\"aligncenter  wp-image-19293\" src=\"https:\/\/www.associationdemarie.org\/blog\/wp-content\/uploads\/2020\/09\/unnamed-2.jpg\" alt=\"\" width=\"401\" height=\"288\" srcset=\"https:\/\/www.associationdemarie.org\/blog\/wp-content\/uploads\/2020\/09\/unnamed-2.jpg 512w, https:\/\/www.associationdemarie.org\/blog\/wp-content\/uploads\/2020\/09\/unnamed-2-300x216.jpg 300w\" sizes=\"auto, (max-width: 401px) 100vw, 401px\" \/><\/p>\n<p>\u00ab Si quelqu&rsquo;un m&rsquo;aime, il gardera mes paroles, et mon P\u00e8re l&rsquo;aimera et nous viendrons \u00e0 lui \u00bb (Jn 14,23). Ailleurs, j&rsquo;ai lu : \u00ab Qui craint Dieu fera le bien \u00bb (Si 15,1). Mais je per\u00e7ois qu&rsquo;ici J\u00e9sus exprime quelque chose de plus en disant de celui qui l&rsquo;aime : \u00ab Il gardera mes paroles \u00bb. Mais o\u00f9 les gardera-t-il ? Dans son c\u0153ur, sans aucun doute. Comme dit le proph\u00e8te : \u00ab Dans mon c\u0153ur je conserve tes ordres pour ne point faillir envers toi \u00bb (Ps 118,11). (&#8230;)<\/p>\n<p>Voici comment il te faut garder la parole de Dieu : en effet, \u00ab Heureux ceux qui la gardent \u00bb (Lc 11,28). Qu&rsquo;on la fasse donc entrer dans ce qu&rsquo;on peut appeler les entrailles de l&rsquo;\u00e2me ; qu&rsquo;elle passe dans les mouvements de ton c\u0153ur et dans ta conduite. Consomme ce qui est bien, et ton \u00e2me y trouvera avec joie de quoi s&rsquo;y nourrir largement. N&rsquo;oublie pas de manger ton pain pour ne pas laisser ton c\u0153ur se dess\u00e9cher ; de bonne et grasse nourriture rassasie ton \u00e2me . Si de la sorte tu t&rsquo;es mis \u00e0 garder en toi la parole de Dieu, sans nul doute qu&rsquo;elle ne te garde aussi. Le Fils viendra \u00e0 toi, avec le P\u00e8re ; il viendra, le grand proph\u00e8te qui r\u00e9tablira J\u00e9rusalem et \u00ab qui fera toutes choses nouvelles \u00bb (Ac 3,22; Jl 4,1; Ap 21,5)<\/p>\n<h3 class=\"GospelCommentaryAuthor-name commentary-author font-2\">Saint Bernard (1091-1153)<\/h3>\n<p>&nbsp;<\/p>\n<p>&nbsp;<\/p>\n<p>&nbsp;<\/p>\n<p>&nbsp;<\/p>\n","protected":false},"excerpt":{"rendered":"<p>\u00ab Si quelqu&rsquo;un m&rsquo;aime, il gardera mes paroles, et mon P\u00e8re l&rsquo;aimera et nous viendrons \u00e0 lui \u00bb (Jn 14,23). Ailleurs, j&rsquo;ai lu : \u00ab Qui craint Dieu fera le bien \u00bb (Si 15,1). Mais je per\u00e7ois qu&rsquo;ici J\u00e9sus exprime quelque chose de plus en disant de celui qui l&rsquo;aime : \u00ab Il gardera mes [&hellip;]<\/p>\n","protected":false},"author":2,"featured_media":0,"comment_status":"closed","ping_status":"closed","sticky":false,"template":"","format":"standard","meta":{"footnotes":""},"categories":[13,1261],"tags":[237,238,771,1017,1189],"class_list":["post-19292","post","type-post","status-publish","format-standard","hentry","category-ecritures","category-enseignement-2","tag-coeur-immacule-de-marie","tag-coeur-maternelle","tag-parole-divine","tag-st-bernard","tag-vierge-marie"],"_links":{"self":[{"href":"https:\/\/www.associationdemarie.org\/blog\/wp-json\/wp\/v2\/posts\/19292","targetHints":{"allow":["GET"]}}],"collection":[{"href":"https:\/\/www.associationdemarie.org\/blog\/wp-json\/wp\/v2\/posts"}],"about":[{"href":"https:\/\/www.associationdemarie.org\/blog\/wp-json\/wp\/v2\/types\/post"}],"author":[{"embeddable":true,"href":"https:\/\/www.associationdemarie.org\/blog\/wp-json\/wp\/v2\/users\/2"}],"replies":[{"embeddable":true,"href":"https:\/\/www.associationdemarie.org\/blog\/wp-json\/wp\/v2\/comments?post=19292"}],"version-history":[{"count":1,"href":"https:\/\/www.associationdemarie.org\/blog\/wp-json\/wp\/v2\/posts\/19292\/revisions"}],"predecessor-version":[{"id":19294,"href":"https:\/\/www.associationdemarie.org\/blog\/wp-json\/wp\/v2\/posts\/19292\/revisions\/19294"}],"wp:attachment":[{"href":"https:\/\/www.associationdemarie.org\/blog\/wp-json\/wp\/v2\/media?parent=19292"}],"wp:term":[{"taxonomy":"category","embeddable":true,"href":"https:\/\/www.associationdemarie.org\/blog\/wp-json\/wp\/v2\/categories?post=19292"},{"taxonomy":"post_tag","embeddable":true,"href":"https:\/\/www.associationdemarie.org\/blog\/wp-json\/wp\/v2\/tags?post=19292"}],"curies":[{"name":"wp","href":"https:\/\/api.w.org\/{rel}","templated":true}]}}