{"id":19251,"date":"2020-09-28T01:19:29","date_gmt":"2020-09-28T00:19:29","guid":{"rendered":"http:\/\/www.associationdemarie.org\/blog\/?p=19251"},"modified":"2020-09-07T07:21:10","modified_gmt":"2020-09-07T06:21:10","slug":"celui-qui-nest-pas-contre-vous-est-pour-vous","status":"publish","type":"post","link":"https:\/\/www.associationdemarie.org\/blog\/celui-qui-nest-pas-contre-vous-est-pour-vous\/","title":{"rendered":"\u00ab Celui qui n&rsquo;est pas contre vous est pour vous. \u00bb"},"content":{"rendered":"<p><img loading=\"lazy\" decoding=\"async\" class=\"aligncenter size-full wp-image-19252\" src=\"https:\/\/www.associationdemarie.org\/blog\/wp-content\/uploads\/2020\/09\/empathie-1.jpg\" alt=\"\" width=\"424\" height=\"283\" srcset=\"https:\/\/www.associationdemarie.org\/blog\/wp-content\/uploads\/2020\/09\/empathie-1.jpg 424w, https:\/\/www.associationdemarie.org\/blog\/wp-content\/uploads\/2020\/09\/empathie-1-300x200.jpg 300w\" sizes=\"auto, (max-width: 424px) 100vw, 424px\" \/><\/p>\n<p>En vertu de la mission qui est la sienne d&rsquo;\u00e9clairer l&rsquo;univers entier par le message de l&rsquo;\u00c9vangile et de r\u00e9unir en un seul Esprit tous les hommes, \u00e0 quelque nation, race, ou culture qu&rsquo;ils appartiennent, l&rsquo;\u00c9glise appara\u00eet comme le signe de cette fraternit\u00e9 qui rend possible un dialogue loyal et le renforce.<\/p>\n<p>Cela exige en premier lieu qu&rsquo;au sein m\u00eame de l&rsquo;\u00c9glise nous fassions progresser l&rsquo;estime, le respect et la concorde mutuels, dans la reconnaissance de toutes les diversit\u00e9s l\u00e9gitimes, et en vue d&rsquo;\u00e9tablir un dialogue sans cesse plus f\u00e9cond entre tous ceux qui constituent l&rsquo;unique Peuple de Dieu, qu&rsquo;il s&rsquo;agisse des pasteurs ou des autres chr\u00e9tiens. Ce qui unit en effet les fid\u00e8les est plus fort que tout ce qui les divise : unit\u00e9 dans le n\u00e9cessaire, libert\u00e9 dans le doute, en toutes choses la charit\u00e9. En m\u00eame temps, notre pens\u00e9e embrasse nos fr\u00e8res et leurs communaut\u00e9s qui ne vivent pas encore en totale communion avec nous, mais auxquels nous sommes cependant unis par la confession du P\u00e8re, du Fils et de l&rsquo;Esprit Saint et par le lien de la charit\u00e9. (&#8230;) Nous tournons aussi notre pens\u00e9e vers tous ceux qui reconnaissent Dieu et dont les traditions rec\u00e8lent de pr\u00e9cieux \u00e9l\u00e9ments religieux et humains, en souhaitant qu&rsquo;un dialogue confiant puisse nous conduire tous ensemble \u00e0 accepter franchement les appels de l&rsquo;Esprit et \u00e0 les suivre avec ardeur.<\/p>\n<p>En ce qui nous concerne, le d\u00e9sir d&rsquo;un tel dialogue, conduit par le seul amour de la v\u00e9rit\u00e9 et aussi avec la prudence requise, n&rsquo;exclut personne : ni ceux qui honorent de hautes valeurs humaines, sans en reconna\u00eetre encore l&rsquo;Auteur, ni ceux qui s&rsquo;opposent \u00e0 l&rsquo;\u00c9glise et la pers\u00e9cutent de diff\u00e9rentes fa\u00e7ons. Puisque Dieu le P\u00e8re est le principe et la fin de tous les hommes, nous sommes tous appel\u00e9s \u00e0 \u00eatre fr\u00e8res. Et puisque nous sommes destin\u00e9s \u00e0 une seule et m\u00eame vocation divine, nous pouvons aussi et nous devons coop\u00e9rer, sans violence et sans arri\u00e8re-pens\u00e9e, \u00e0 la construction du monde dans une paix v\u00e9ritable<\/p>\n<h3 class=\"GospelCommentaryAuthor-name commentary-author font-2\">Concile Vatican II<\/h3>\n<p>&nbsp;<\/p>\n<p>&nbsp;<\/p>\n<p>&nbsp;<\/p>\n","protected":false},"excerpt":{"rendered":"<p>En vertu de la mission qui est la sienne d&rsquo;\u00e9clairer l&rsquo;univers entier par le message de l&rsquo;\u00c9vangile et de r\u00e9unir en un seul Esprit tous les hommes, \u00e0 quelque nation, race, ou culture qu&rsquo;ils appartiennent, l&rsquo;\u00c9glise appara\u00eet comme le signe de cette fraternit\u00e9 qui rend possible un dialogue loyal et le renforce. Cela exige en [&hellip;]<\/p>\n","protected":false},"author":2,"featured_media":0,"comment_status":"closed","ping_status":"closed","sticky":false,"template":"","format":"standard","meta":{"footnotes":""},"categories":[13,1261],"tags":[305,337,1174],"class_list":["post-19251","post","type-post","status-publish","format-standard","hentry","category-ecritures","category-enseignement-2","tag-disciples","tag-eglise-universelle","tag-vatican-2"],"_links":{"self":[{"href":"https:\/\/www.associationdemarie.org\/blog\/wp-json\/wp\/v2\/posts\/19251","targetHints":{"allow":["GET"]}}],"collection":[{"href":"https:\/\/www.associationdemarie.org\/blog\/wp-json\/wp\/v2\/posts"}],"about":[{"href":"https:\/\/www.associationdemarie.org\/blog\/wp-json\/wp\/v2\/types\/post"}],"author":[{"embeddable":true,"href":"https:\/\/www.associationdemarie.org\/blog\/wp-json\/wp\/v2\/users\/2"}],"replies":[{"embeddable":true,"href":"https:\/\/www.associationdemarie.org\/blog\/wp-json\/wp\/v2\/comments?post=19251"}],"version-history":[{"count":1,"href":"https:\/\/www.associationdemarie.org\/blog\/wp-json\/wp\/v2\/posts\/19251\/revisions"}],"predecessor-version":[{"id":19253,"href":"https:\/\/www.associationdemarie.org\/blog\/wp-json\/wp\/v2\/posts\/19251\/revisions\/19253"}],"wp:attachment":[{"href":"https:\/\/www.associationdemarie.org\/blog\/wp-json\/wp\/v2\/media?parent=19251"}],"wp:term":[{"taxonomy":"category","embeddable":true,"href":"https:\/\/www.associationdemarie.org\/blog\/wp-json\/wp\/v2\/categories?post=19251"},{"taxonomy":"post_tag","embeddable":true,"href":"https:\/\/www.associationdemarie.org\/blog\/wp-json\/wp\/v2\/tags?post=19251"}],"curies":[{"name":"wp","href":"https:\/\/api.w.org\/{rel}","templated":true}]}}