{"id":19238,"date":"2020-09-24T01:46:30","date_gmt":"2020-09-24T00:46:30","guid":{"rendered":"http:\/\/www.associationdemarie.org\/blog\/?p=19238"},"modified":"2020-09-03T08:48:29","modified_gmt":"2020-09-03T07:48:29","slug":"dieu-se-donne-a-voir-en-jesus-son-fils-bien-aime","status":"publish","type":"post","link":"https:\/\/www.associationdemarie.org\/blog\/dieu-se-donne-a-voir-en-jesus-son-fils-bien-aime\/","title":{"rendered":"Dieu se donne \u00e0 voir en J\u00e9sus, son Fils bien-aim\u00e9"},"content":{"rendered":"<p><img loading=\"lazy\" decoding=\"async\" class=\"aligncenter  wp-image-19239\" src=\"https:\/\/www.associationdemarie.org\/blog\/wp-content\/uploads\/2020\/09\/Christ-est-Il-vraiment-le-Fils-de-Dieu-ou-est-Il-Dieu-Lui-m\u00eame.jpg\" alt=\"\" width=\"418\" height=\"235\" srcset=\"https:\/\/www.associationdemarie.org\/blog\/wp-content\/uploads\/2020\/09\/Christ-est-Il-vraiment-le-Fils-de-Dieu-ou-est-Il-Dieu-Lui-m\u00eame.jpg 640w, https:\/\/www.associationdemarie.org\/blog\/wp-content\/uploads\/2020\/09\/Christ-est-Il-vraiment-le-Fils-de-Dieu-ou-est-Il-Dieu-Lui-m\u00eame-300x169.jpg 300w\" sizes=\"auto, (max-width: 418px) 100vw, 418px\" \/><\/p>\n<p>Que l&rsquo;Artisan de l&rsquo;univers<br \/>\nconserve intact sur la terre<br \/>\nle nombre compt\u00e9 de ses \u00e9lus,<br \/>\npar son enfant bien-aim\u00e9, J\u00e9sus Christ.<\/p>\n<p>Par lui il nous a appel\u00e9s des t\u00e9n\u00e8bres \u00e0 la lumi\u00e8re,<br \/>\nde l&rsquo;ignorance \u00e0 la connaissance de la gloire de son nom.<br \/>\nNous mettons notre esp\u00e9rance en toi,<br \/>\nPrincipe de toute la cr\u00e9ation.<\/p>\n<p>Tu as ouvert les yeux de nos c\u0153urs afin qu&rsquo;ils te connaissent,<br \/>\nToi le seul Tr\u00e8s-Haut, au plus haut des cieux,<br \/>\nle Saint qui repose au milieu des saints.<\/p>\n<p>Tu abaisses l&rsquo;insolence des orgueilleux,<br \/>\ntu d\u00e9joues les calculs des nations,<br \/>\ntu exaltes les humbles et abaisses les grands ;<br \/>\ntu enrichis et appauvris,<br \/>\ntu prends et tu donnes la vie.<\/p>\n<p>Unique bienfaiteur des esprits,<br \/>\net Dieu de toute chair ;<br \/>\ntu scrutes les profondeurs,<br \/>\ntu surveilles les \u0153uvres des hommes,<br \/>\nSecours dans les dangers<br \/>\net Sauveur dans le d\u00e9sespoir,<br \/>\nCr\u00e9ateur et Gardien de tout esprit vivant ! (&#8230;)<\/p>\n<p>Nous t&rsquo;en prions, \u00f4 Ma\u00eetre !<br \/>\nSois notre secours et notre soutien.<br \/>\nSois le salut des opprim\u00e9s,<br \/>\nprends piti\u00e9 des humbles,<br \/>\nrel\u00e8ve ceux qui sont tomb\u00e9s.<\/p>\n<p>Montre-toi \u00e0 ceux qui sont dans le besoin,<br \/>\ngu\u00e9ris les malades,<br \/>\nram\u00e8ne les \u00e9gar\u00e9s de ton peuple,<br \/>\nrassasie ceux qui ont faim,<br \/>\nd\u00e9livre nos prisonniers,<br \/>\nredresse les faibles,<br \/>\nconsole les pusillanimes,<br \/>\nque tous les peuples reconnaissent,<br \/>\nque tu es le seul Dieu,<br \/>\nque J\u00e9sus Christ est ton fils,<br \/>\nque nous sommes ton peuple et les brebis de tes p\u00e2turages<\/p>\n<h3 class=\"GospelCommentaryAuthor-name commentary-author font-2\">Saint Cl\u00e9ment de Rome<\/h3>\n<p>&nbsp;<\/p>\n<p>&nbsp;<\/p>\n<p>&nbsp;<\/p>\n","protected":false},"excerpt":{"rendered":"<p>Que l&rsquo;Artisan de l&rsquo;univers conserve intact sur la terre le nombre compt\u00e9 de ses \u00e9lus, par son enfant bien-aim\u00e9, J\u00e9sus Christ. Par lui il nous a appel\u00e9s des t\u00e9n\u00e8bres \u00e0 la lumi\u00e8re, de l&rsquo;ignorance \u00e0 la connaissance de la gloire de son nom. Nous mettons notre esp\u00e9rance en toi, Principe de toute la cr\u00e9ation. Tu [&hellip;]<\/p>\n","protected":false},"author":2,"featured_media":0,"comment_status":"closed","ping_status":"closed","sticky":false,"template":"","format":"standard","meta":{"footnotes":""},"categories":[13,1261],"tags":[297,536,1555,1042],"class_list":["post-19238","post","type-post","status-publish","format-standard","hentry","category-ecritures","category-enseignement-2","tag-dieu-le-pere","tag-jesus-christ","tag-st-clement-de-rome","tag-st-jean-baptiste"],"_links":{"self":[{"href":"https:\/\/www.associationdemarie.org\/blog\/wp-json\/wp\/v2\/posts\/19238","targetHints":{"allow":["GET"]}}],"collection":[{"href":"https:\/\/www.associationdemarie.org\/blog\/wp-json\/wp\/v2\/posts"}],"about":[{"href":"https:\/\/www.associationdemarie.org\/blog\/wp-json\/wp\/v2\/types\/post"}],"author":[{"embeddable":true,"href":"https:\/\/www.associationdemarie.org\/blog\/wp-json\/wp\/v2\/users\/2"}],"replies":[{"embeddable":true,"href":"https:\/\/www.associationdemarie.org\/blog\/wp-json\/wp\/v2\/comments?post=19238"}],"version-history":[{"count":1,"href":"https:\/\/www.associationdemarie.org\/blog\/wp-json\/wp\/v2\/posts\/19238\/revisions"}],"predecessor-version":[{"id":19240,"href":"https:\/\/www.associationdemarie.org\/blog\/wp-json\/wp\/v2\/posts\/19238\/revisions\/19240"}],"wp:attachment":[{"href":"https:\/\/www.associationdemarie.org\/blog\/wp-json\/wp\/v2\/media?parent=19238"}],"wp:term":[{"taxonomy":"category","embeddable":true,"href":"https:\/\/www.associationdemarie.org\/blog\/wp-json\/wp\/v2\/categories?post=19238"},{"taxonomy":"post_tag","embeddable":true,"href":"https:\/\/www.associationdemarie.org\/blog\/wp-json\/wp\/v2\/tags?post=19238"}],"curies":[{"name":"wp","href":"https:\/\/api.w.org\/{rel}","templated":true}]}}