{"id":19227,"date":"2020-09-22T01:50:05","date_gmt":"2020-09-22T00:50:05","guid":{"rendered":"http:\/\/www.associationdemarie.org\/blog\/?p=19227"},"modified":"2020-09-01T07:52:16","modified_gmt":"2020-09-01T06:52:16","slug":"le-livre-de-vie","status":"publish","type":"post","link":"https:\/\/www.associationdemarie.org\/blog\/le-livre-de-vie\/","title":{"rendered":"Le Livre de Vie"},"content":{"rendered":"<p><img loading=\"lazy\" decoding=\"async\" class=\"aligncenter wp-image-19228\" src=\"https:\/\/www.associationdemarie.org\/blog\/wp-content\/uploads\/2020\/09\/115585926_o.jpg\" alt=\"\" width=\"443\" height=\"277\" srcset=\"https:\/\/www.associationdemarie.org\/blog\/wp-content\/uploads\/2020\/09\/115585926_o.jpg 960w, https:\/\/www.associationdemarie.org\/blog\/wp-content\/uploads\/2020\/09\/115585926_o-300x188.jpg 300w, https:\/\/www.associationdemarie.org\/blog\/wp-content\/uploads\/2020\/09\/115585926_o-768x480.jpg 768w\" sizes=\"auto, (max-width: 443px) 100vw, 443px\" \/><\/p>\n<p>L\u2019\u00c9vangile est le livre de la vie du Seigneur. Il est fait pour devenir le livre de notre vie.<br \/>\nIl n\u2019est pas fait pour \u00eatre compris, mais pour \u00eatre abord\u00e9 comme un seuil de myst\u00e8re.<br \/>\nIl n\u2019est pas fait pour \u00eatre lu, mais pour \u00eatre re\u00e7u en nous.<br \/>\nChacune de ses paroles est esprit et vie. Agiles et libres, elles n\u2019attendent que l\u2019avidit\u00e9 de notre \u00e2me pour fuser en elle. Vivantes, elles sont elles-m\u00eames comme le levain initial qui attaquera notre p\u00e2te et la fera fermenter d\u2019un mode de vie nouveau. (\u2026)<\/p>\n<p>Les paroles de l\u2019\u00c9vangile sont miraculeuses. Elles ne nous transforment pas parce que nous ne leur demandons pas de nous transformer. Mais, dans chaque phrase de J\u00e9sus, dans chacun de ses exemples demeure la vertu foudroyante qui gu\u00e9rissait, purifiait, ressuscitait. \u00c0 la condition d\u2019\u00eatre, vis-\u00e0-vis de lui, comme le paralytique ou le centurion ; d\u2019agir imm\u00e9diatement en pleine ob\u00e9issance. (\u2026)<br \/>\nCe qui nous aidera, ce sera de porter, de \u00ab garder \u00bb en nous, au chaud de notre foi et de notre esp\u00e9rance, la parole \u00e0 laquelle nous voulons ob\u00e9ir. Il s\u2019\u00e9tablira entre elle et notre volont\u00e9 comme un pacte de vie.<\/p>\n<p>Quand nous tenons notre \u00e9vangile dans nos mains, nous devrions penser qu\u2019en lui habite le Verbe qui veut se faire chair en nous, s\u2019emparer de nous, pour que son c\u0153ur, greff\u00e9 sur le n\u00f4tre, son esprit branch\u00e9 sur notre esprit, nous recommencions sa vie dans un autre lieu, un autre temps, une autre soci\u00e9t\u00e9 humaine.<br \/>\nApprofondir l\u2019\u00c9vangile de cette fa\u00e7on-l\u00e0, c\u2019est renoncer notre vie pour recevoir une destin\u00e9e qui n\u2019a pour forme que le Christ<\/p>\n<h3 class=\"GospelCommentaryAuthor-name commentary-author font-2\">V\u00e9n\u00e9rable Madeleine Delbr\u00eal (1904-1964)<\/h3>\n<p>&nbsp;<\/p>\n<p>&nbsp;<\/p>\n<p>&nbsp;<\/p>\n","protected":false},"excerpt":{"rendered":"<p>L\u2019\u00c9vangile est le livre de la vie du Seigneur. Il est fait pour devenir le livre de notre vie. Il n\u2019est pas fait pour \u00eatre compris, mais pour \u00eatre abord\u00e9 comme un seuil de myst\u00e8re. Il n\u2019est pas fait pour \u00eatre lu, mais pour \u00eatre re\u00e7u en nous. Chacune de ses paroles est esprit et [&hellip;]<\/p>\n","protected":false},"author":2,"featured_media":0,"comment_status":"closed","ping_status":"closed","sticky":false,"template":"","format":"standard","meta":{"footnotes":""},"categories":[13,1261],"tags":[149,389,771,1554,1179],"class_list":["post-19227","post","type-post","status-publish","format-standard","hentry","category-ecritures","category-enseignement-2","tag-bible","tag-evangile","tag-parole-divine","tag-venerable-madeleine-delbrel","tag-verbe"],"_links":{"self":[{"href":"https:\/\/www.associationdemarie.org\/blog\/wp-json\/wp\/v2\/posts\/19227","targetHints":{"allow":["GET"]}}],"collection":[{"href":"https:\/\/www.associationdemarie.org\/blog\/wp-json\/wp\/v2\/posts"}],"about":[{"href":"https:\/\/www.associationdemarie.org\/blog\/wp-json\/wp\/v2\/types\/post"}],"author":[{"embeddable":true,"href":"https:\/\/www.associationdemarie.org\/blog\/wp-json\/wp\/v2\/users\/2"}],"replies":[{"embeddable":true,"href":"https:\/\/www.associationdemarie.org\/blog\/wp-json\/wp\/v2\/comments?post=19227"}],"version-history":[{"count":1,"href":"https:\/\/www.associationdemarie.org\/blog\/wp-json\/wp\/v2\/posts\/19227\/revisions"}],"predecessor-version":[{"id":19229,"href":"https:\/\/www.associationdemarie.org\/blog\/wp-json\/wp\/v2\/posts\/19227\/revisions\/19229"}],"wp:attachment":[{"href":"https:\/\/www.associationdemarie.org\/blog\/wp-json\/wp\/v2\/media?parent=19227"}],"wp:term":[{"taxonomy":"category","embeddable":true,"href":"https:\/\/www.associationdemarie.org\/blog\/wp-json\/wp\/v2\/categories?post=19227"},{"taxonomy":"post_tag","embeddable":true,"href":"https:\/\/www.associationdemarie.org\/blog\/wp-json\/wp\/v2\/tags?post=19227"}],"curies":[{"name":"wp","href":"https:\/\/api.w.org\/{rel}","templated":true}]}}