{"id":19224,"date":"2020-09-21T01:18:51","date_gmt":"2020-09-21T00:18:51","guid":{"rendered":"http:\/\/www.associationdemarie.org\/blog\/?p=19224"},"modified":"2020-08-31T07:23:08","modified_gmt":"2020-08-31T06:23:08","slug":"fete-de-saint-matthieu-apotre-et-evangeliste-5","status":"publish","type":"post","link":"https:\/\/www.associationdemarie.org\/blog\/fete-de-saint-matthieu-apotre-et-evangeliste-5\/","title":{"rendered":"F\u00eate de saint Matthieu, ap\u00f4tre et \u00e9vang\u00e9liste"},"content":{"rendered":"<p><img loading=\"lazy\" decoding=\"async\" class=\"aligncenter  wp-image-19225\" src=\"https:\/\/www.associationdemarie.org\/blog\/wp-content\/uploads\/2020\/08\/Unknown.jpeg\" alt=\"\" width=\"294\" height=\"379\" \/><\/p>\n<p>Matthieu le publicain est nourri (&#8230;) \u00ab\u00a0du pain de vie et d&rsquo;intelligence\u00a0\u00bb (Si 15,3)\u00a0; et de cette intelligence, il fait au Seigneur J\u00e9sus un grand festin dans sa maison, car il a re\u00e7u en partage une gr\u00e2ce abondante, en conformit\u00e9 avec son nom [qui veut dire \u00ab\u00a0don du Seigneur \u00bb]. Un pr\u00e9sage de ce festin de gr\u00e2ce fut pr\u00e9par\u00e9 par Dieu\u00a0: appel\u00e9 lorsqu&rsquo;il \u00e9tait assis \u00e0 son bureau, (&#8230;) \u00ab\u00a0il suivit le Seigneur et lui fit un grand festin dans sa maison\u00a0\u00bb (Lc 5,29). Il lui fit donc un festin, et un grand \u00a0; un festin royal, dirions-nous.<\/p>\n<p>Matthieu est en effet l&rsquo;\u00e9vang\u00e9liste qui nous montre le Christ roi par sa famille et par ses actes. D\u00e8s le d\u00e9but de son ouvrage, il d\u00e9clare\u00a0: \u00ab\u00a0Livre de la g\u00e9n\u00e9alogie de J\u00e9sus Christ, Fils de David\u00a0\u00bb (Mt 1,1). Ensuite il d\u00e9crit comment le nouveau-n\u00e9 est ador\u00e9 par les mages au titre de roi des Juifs\u00a0; puis, tissant tout le reste de sa narration de gestes royaux et de paraboles du r\u00e8gne, il termine enfin sur ces mots dits par ce roi d\u00e9j\u00e0 couronn\u00e9 de la gloire de la r\u00e9surrection\u00a0: \u00ab\u00a0Tout pouvoir m&rsquo;a \u00e9t\u00e9 donn\u00e9 au ciel et sur la terre\u00a0\u00bb (28,18). Si tu examines bien l&rsquo;ensemble de sa r\u00e9daction, tu reconna\u00eetras donc que tout enti\u00e8re elle respire les myst\u00e8res du Royaume de Dieu. Rien d&rsquo;\u00e9tonnant \u00e0 cela\u00a0; Matthieu avait \u00e9t\u00e9 publicain, il se rappelait avoir \u00e9t\u00e9 appel\u00e9 du service public du royaume de p\u00e9ch\u00e9 \u00e0 la libert\u00e9 du Royaume de Dieu, du Royaume de justice. En homme qui n&rsquo;\u00e9tait pas ingrat envers le grand Roi qui l&rsquo;avait lib\u00e9r\u00e9, il servit donc fid\u00e8lement les lois de son Royaume<\/p>\n<h3 class=\"GospelCommentaryAuthor-name commentary-author font-2\">Rupert de Deutz (v. 1075-1130)<\/h3>\n<p>&nbsp;<\/p>\n<p>&nbsp;<\/p>\n<p>&nbsp;<\/p>\n","protected":false},"excerpt":{"rendered":"<p>Matthieu le publicain est nourri (&#8230;) \u00ab\u00a0du pain de vie et d&rsquo;intelligence\u00a0\u00bb (Si 15,3)\u00a0; et de cette intelligence, il fait au Seigneur J\u00e9sus un grand festin dans sa maison, car il a re\u00e7u en partage une gr\u00e2ce abondante, en conformit\u00e9 avec son nom [qui veut dire \u00ab\u00a0don du Seigneur \u00bb]. Un pr\u00e9sage de ce festin [&hellip;]<\/p>\n","protected":false},"author":2,"featured_media":0,"comment_status":"closed","ping_status":"closed","sticky":false,"template":"","format":"standard","meta":{"footnotes":""},"categories":[3,15,28],"tags":[388,1401,1059],"class_list":["post-19224","post","type-post","status-publish","format-standard","hentry","category-liturgique","category-histoire","category-saints-et-saintes","tag-evangeliste","tag-rupert-de-deutz","tag-st-matthieu"],"_links":{"self":[{"href":"https:\/\/www.associationdemarie.org\/blog\/wp-json\/wp\/v2\/posts\/19224","targetHints":{"allow":["GET"]}}],"collection":[{"href":"https:\/\/www.associationdemarie.org\/blog\/wp-json\/wp\/v2\/posts"}],"about":[{"href":"https:\/\/www.associationdemarie.org\/blog\/wp-json\/wp\/v2\/types\/post"}],"author":[{"embeddable":true,"href":"https:\/\/www.associationdemarie.org\/blog\/wp-json\/wp\/v2\/users\/2"}],"replies":[{"embeddable":true,"href":"https:\/\/www.associationdemarie.org\/blog\/wp-json\/wp\/v2\/comments?post=19224"}],"version-history":[{"count":1,"href":"https:\/\/www.associationdemarie.org\/blog\/wp-json\/wp\/v2\/posts\/19224\/revisions"}],"predecessor-version":[{"id":19226,"href":"https:\/\/www.associationdemarie.org\/blog\/wp-json\/wp\/v2\/posts\/19224\/revisions\/19226"}],"wp:attachment":[{"href":"https:\/\/www.associationdemarie.org\/blog\/wp-json\/wp\/v2\/media?parent=19224"}],"wp:term":[{"taxonomy":"category","embeddable":true,"href":"https:\/\/www.associationdemarie.org\/blog\/wp-json\/wp\/v2\/categories?post=19224"},{"taxonomy":"post_tag","embeddable":true,"href":"https:\/\/www.associationdemarie.org\/blog\/wp-json\/wp\/v2\/tags?post=19224"}],"curies":[{"name":"wp","href":"https:\/\/api.w.org\/{rel}","templated":true}]}}