{"id":19179,"date":"2020-09-08T01:46:54","date_gmt":"2020-09-08T00:46:54","guid":{"rendered":"http:\/\/www.associationdemarie.org\/blog\/?p=19179"},"modified":"2020-08-18T08:48:36","modified_gmt":"2020-08-18T07:48:36","slug":"fete-de-la-nativite-de-la-vierge-marie-4","status":"publish","type":"post","link":"https:\/\/www.associationdemarie.org\/blog\/fete-de-la-nativite-de-la-vierge-marie-4\/","title":{"rendered":"F\u00eate de la Nativit\u00e9 de la Vierge Marie"},"content":{"rendered":"<p><img loading=\"lazy\" decoding=\"async\" class=\"aligncenter  wp-image-19180\" src=\"https:\/\/www.associationdemarie.org\/blog\/wp-content\/uploads\/2020\/08\/maxresdefault.jpg\" alt=\"\" width=\"429\" height=\"241\" srcset=\"https:\/\/www.associationdemarie.org\/blog\/wp-content\/uploads\/2020\/08\/maxresdefault.jpg 1280w, https:\/\/www.associationdemarie.org\/blog\/wp-content\/uploads\/2020\/08\/maxresdefault-300x169.jpg 300w, https:\/\/www.associationdemarie.org\/blog\/wp-content\/uploads\/2020\/08\/maxresdefault-768x432.jpg 768w, https:\/\/www.associationdemarie.org\/blog\/wp-content\/uploads\/2020\/08\/maxresdefault-1024x576.jpg 1024w\" sizes=\"auto, (max-width: 429px) 100vw, 429px\" \/><\/p>\n<p>Elle fut, par un dessein de la Providence divine, appel\u00e9e Marie, c\u2019est-\u00e0-dire \u00e9toile de la mer, pour d\u00e9clarer par son nom ce qu\u2019elle montre plus clairement par la r\u00e9alit\u00e9. (\u2026)<\/p>\n<p>Rev\u00eatue de beaut\u00e9, elle est aussi rev\u00eatue de force, elle s\u2019est ceinte pour apaiser d\u2019un geste les remous formidables de la mer. Ceux qui naviguent sur la mer du monde pr\u00e9sent et qui l\u2019invoquent avec une pleine confiance, elle les arrache au souffle de la temp\u00eate et \u00e0 la fureur des ouragans, et elle les conduit, triomphants avec elle, au rivage de la patrie bienheureuse. On ne peut dire, mes tr\u00e8s chers, combien de fois les uns se heurteraient aux rochers les plus rudes, au risque de sombrer, les autres \u00e9choueraient sur les pires \u00e9cueils pour ne plus revenir (\u2026) si l\u2019\u00e9toile de la mer, Marie toujours vierge, ne s\u2019y \u00e9tait oppos\u00e9e par son tr\u00e8s puissant secours et si elle n\u2019emportait les siens, le gouvernail d\u00e9j\u00e0 bris\u00e9 et la barque fracass\u00e9e, priv\u00e9s de tout secours humain, pour les diriger, sous sa c\u00e9leste conduite, au port de la paix int\u00e9rieure. Toute \u00e0 la joie de remporter de nouveaux triomphes, pour la nouvelle d\u00e9livrance des condamn\u00e9s et pour les nouveaux accroissements des peuples, elle se f\u00e9licite dans le Seigneur. (\u2026)<\/p>\n<p>Elle resplendit et se distingue par sa double charit\u00e9 : d\u2019une part, elle est tr\u00e8s ardemment fix\u00e9e en Dieu \u00e0 qui elle adh\u00e8re, faisant un seul esprit avec lui ; d\u2019autre part, elle attire et console doucement les c\u0153urs des \u00e9lus et leur partage les dons excellents venus de la lib\u00e9ralit\u00e9 de son Fils<\/p>\n<h3 class=\"GospelCommentaryAuthor-name commentary-author font-2\">Saint Am\u00e9d\u00e9e de Lausanne (1108-1159)<\/h3>\n<p>&nbsp;<\/p>\n<p>&nbsp;<\/p>\n<p>&nbsp;<\/p>\n","protected":false},"excerpt":{"rendered":"<p>Elle fut, par un dessein de la Providence divine, appel\u00e9e Marie, c\u2019est-\u00e0-dire \u00e9toile de la mer, pour d\u00e9clarer par son nom ce qu\u2019elle montre plus clairement par la r\u00e9alit\u00e9. (\u2026) Rev\u00eatue de beaut\u00e9, elle est aussi rev\u00eatue de force, elle s\u2019est ceinte pour apaiser d\u2019un geste les remous formidables de la mer. Ceux qui naviguent [&hellip;]<\/p>\n","protected":false},"author":2,"featured_media":0,"comment_status":"closed","ping_status":"closed","sticky":false,"template":"","format":"standard","meta":{"footnotes":""},"categories":[3,28],"tags":[708,1539,1113,1189],"class_list":["post-19179","post","type-post","status-publish","format-standard","hentry","category-liturgique","category-saints-et-saintes","tag-nativite-de-marie","tag-st-amedee-de-lausanne","tag-stella-maris","tag-vierge-marie"],"_links":{"self":[{"href":"https:\/\/www.associationdemarie.org\/blog\/wp-json\/wp\/v2\/posts\/19179","targetHints":{"allow":["GET"]}}],"collection":[{"href":"https:\/\/www.associationdemarie.org\/blog\/wp-json\/wp\/v2\/posts"}],"about":[{"href":"https:\/\/www.associationdemarie.org\/blog\/wp-json\/wp\/v2\/types\/post"}],"author":[{"embeddable":true,"href":"https:\/\/www.associationdemarie.org\/blog\/wp-json\/wp\/v2\/users\/2"}],"replies":[{"embeddable":true,"href":"https:\/\/www.associationdemarie.org\/blog\/wp-json\/wp\/v2\/comments?post=19179"}],"version-history":[{"count":1,"href":"https:\/\/www.associationdemarie.org\/blog\/wp-json\/wp\/v2\/posts\/19179\/revisions"}],"predecessor-version":[{"id":19181,"href":"https:\/\/www.associationdemarie.org\/blog\/wp-json\/wp\/v2\/posts\/19179\/revisions\/19181"}],"wp:attachment":[{"href":"https:\/\/www.associationdemarie.org\/blog\/wp-json\/wp\/v2\/media?parent=19179"}],"wp:term":[{"taxonomy":"category","embeddable":true,"href":"https:\/\/www.associationdemarie.org\/blog\/wp-json\/wp\/v2\/categories?post=19179"},{"taxonomy":"post_tag","embeddable":true,"href":"https:\/\/www.associationdemarie.org\/blog\/wp-json\/wp\/v2\/tags?post=19179"}],"curies":[{"name":"wp","href":"https:\/\/api.w.org\/{rel}","templated":true}]}}